{"id":107297,"date":"2025-10-12T06:17:43","date_gmt":"2025-10-12T06:17:43","guid":{"rendered":"https:\/\/www.europesays.com\/pt\/107297\/"},"modified":"2025-10-12T06:17:43","modified_gmt":"2025-10-12T06:17:43","slug":"efeito-mourinho-dispara-vendas-do-benfica-merchandising-cresce-17-por-cento-benfica","status":"publish","type":"post","link":"https:\/\/www.europesays.com\/pt\/107297\/","title":{"rendered":"Efeito Mourinho dispara vendas do Benfica: merchandising cresce 17 por cento &#8211; Benfica"},"content":{"rendered":"<p>                    10 outubro 2025 &#8211; 08:00<\/p>\n<p>As contas s\u00e3o do IPAM, cujo diretor-executivo antecipa uma &#8220;linha exclusiva&#8221; de produtos<\/p>\n<p class=\"\">&#13;<br \/>\n        Mesmo que os resultados e as exibi\u00e7\u00f5es do Benfica ainda n\u00e3o sejam os melhores nesta fase, o efeito Jos\u00e9 Mourinho j\u00e1 se faz sentir fora de campo. De acordo com o Instituto Portugu\u00eas de Administra\u00e7\u00e3o de Marketing (IPAM), as receitas com o merchandising dos encarnados dispararam em menos de um m\u00eas.&#13;\n    <\/p>\n<p>                        Para ler TODOS OS ARTIGOS RECORD PREMIUM durante o dia 12.10.2025 insira o seu n\u00famero de telem\u00f3vel e clique em OK<\/p>\n<p>Consulte a aplica\u00e7\u00e3o MBway no seu telem\u00f3vel e aceite a transa\u00e7\u00e3o&#13;\n                    <\/p>\n<p>                        Os seus dados n\u00e3o ser\u00e3o guardados pelo Record<\/p>\n<p>                    Por Nuno Martins<\/p>\n","protected":false},"excerpt":{"rendered":"10 outubro 2025 &#8211; 08:00 As contas s\u00e3o do IPAM, cujo diretor-executivo antecipa uma &#8220;linha exclusiva&#8221; de produtos&hellip;\n","protected":false},"author":2,"featured_media":107298,"comment_status":"","ping_status":"","sticky":false,"template":"","format":"standard","meta":{"footnotes":""},"categories":[87],"tags":[135,32,33,134],"class_list":{"0":"post-107297","1":"post","2":"type-post","3":"status-publish","4":"format-standard","5":"has-post-thumbnail","7":"category-desporto","8":"tag-desporto","9":"tag-portugal","10":"tag-pt","11":"tag-sports"},"share_on_mastodon":{"url":"","error":""},"_links":{"self":[{"href":"https:\/\/www.europesays.com\/pt\/wp-json\/wp\/v2\/posts\/107297","targetHints":{"allow":["GET"]}}],"collection":[{"href":"https:\/\/www.europesays.com\/pt\/wp-json\/wp\/v2\/posts"}],"about":[{"href":"https:\/\/www.europesays.com\/pt\/wp-json\/wp\/v2\/types\/post"}],"author":[{"embeddable":true,"href":"https:\/\/www.europesays.com\/pt\/wp-json\/wp\/v2\/users\/2"}],"replies":[{"embeddable":true,"href":"https:\/\/www.europesays.com\/pt\/wp-json\/wp\/v2\/comments?post=107297"}],"version-history":[{"count":0,"href":"https:\/\/www.europesays.com\/pt\/wp-json\/wp\/v2\/posts\/107297\/revisions"}],"wp:featuredmedia":[{"embeddable":true,"href":"https:\/\/www.europesays.com\/pt\/wp-json\/wp\/v2\/media\/107298"}],"wp:attachment":[{"href":"https:\/\/www.europesays.com\/pt\/wp-json\/wp\/v2\/media?parent=107297"}],"wp:term":[{"taxonomy":"category","embeddable":true,"href":"https:\/\/www.europesays.com\/pt\/wp-json\/wp\/v2\/categories?post=107297"},{"taxonomy":"post_tag","embeddable":true,"href":"https:\/\/www.europesays.com\/pt\/wp-json\/wp\/v2\/tags?post=107297"}],"curies":[{"name":"wp","href":"https:\/\/api.w.org\/{rel}","templated":true}]}}