{"id":107299,"date":"2025-10-12T06:25:09","date_gmt":"2025-10-12T06:25:09","guid":{"rendered":"https:\/\/www.europesays.com\/pt\/107299\/"},"modified":"2025-10-12T06:25:09","modified_gmt":"2025-10-12T06:25:09","slug":"virginia-da-festa-para-criancas-na-quadra-da-grande-rio-e-leva-filhos","status":"publish","type":"post","link":"https:\/\/www.europesays.com\/pt\/107299\/","title":{"rendered":"Virginia d\u00e1 festa para crian\u00e7as na quadra da Grande Rio e leva filhos"},"content":{"rendered":"<p class=\"bullet mt-0\" data-v-232111b4=\"\">Virginia Fonseca promoveu, neste s\u00e1bado (11), uma festa para o Dia das Crian\u00e7as na quadra da Grande Rio, escola da qual ela \u00e9 rainha de bateria, e levou o filhos para a celebra\u00e7\u00e3o.<\/p>\n<p>O que aconteceu<\/p>\n<p class=\"bullet\" data-v-232111b4=\"\"><strong>Fonseca foi para o evento na companhia de Maria Alice, 4, Maria Flor, 2, e Jos\u00e9 Leonardo, 1. <\/strong>O evento aconteceu na quadra da Grande Rio, que fica em Duque de Caxias, no Rio de Janeiro.<\/p>\n<p class=\"bullet\" data-v-232111b4=\"\"><strong>Festa reuniu diversas crian\u00e7as que integram a Pimpolhos da Grande Rio.<\/strong> A quadra da agremia\u00e7\u00e3o foi decorada com brinquedos para os pequenos se divertirem, al\u00e9m de comida. Cerca de 2 mil pessoas participaram do evento entre crian\u00e7as e familiares da comunidade<\/p>\n","protected":false},"excerpt":{"rendered":"Virginia Fonseca promoveu, neste s\u00e1bado (11), uma festa para o Dia das Crian\u00e7as na quadra da Grande Rio,&hellip;\n","protected":false},"author":2,"featured_media":107300,"comment_status":"","ping_status":"","sticky":false,"template":"","format":"standard","meta":{"footnotes":""},"categories":[145],"tags":[211,210,114,115,32,33],"class_list":{"0":"post-107299","1":"post","2":"type-post","3":"status-publish","4":"format-standard","5":"has-post-thumbnail","7":"category-celebridades","8":"tag-celebridades","9":"tag-celebrities","10":"tag-entertainment","11":"tag-entretenimento","12":"tag-portugal","13":"tag-pt"},"share_on_mastodon":{"url":"","error":""},"_links":{"self":[{"href":"https:\/\/www.europesays.com\/pt\/wp-json\/wp\/v2\/posts\/107299","targetHints":{"allow":["GET"]}}],"collection":[{"href":"https:\/\/www.europesays.com\/pt\/wp-json\/wp\/v2\/posts"}],"about":[{"href":"https:\/\/www.europesays.com\/pt\/wp-json\/wp\/v2\/types\/post"}],"author":[{"embeddable":true,"href":"https:\/\/www.europesays.com\/pt\/wp-json\/wp\/v2\/users\/2"}],"replies":[{"embeddable":true,"href":"https:\/\/www.europesays.com\/pt\/wp-json\/wp\/v2\/comments?post=107299"}],"version-history":[{"count":0,"href":"https:\/\/www.europesays.com\/pt\/wp-json\/wp\/v2\/posts\/107299\/revisions"}],"wp:featuredmedia":[{"embeddable":true,"href":"https:\/\/www.europesays.com\/pt\/wp-json\/wp\/v2\/media\/107300"}],"wp:attachment":[{"href":"https:\/\/www.europesays.com\/pt\/wp-json\/wp\/v2\/media?parent=107299"}],"wp:term":[{"taxonomy":"category","embeddable":true,"href":"https:\/\/www.europesays.com\/pt\/wp-json\/wp\/v2\/categories?post=107299"},{"taxonomy":"post_tag","embeddable":true,"href":"https:\/\/www.europesays.com\/pt\/wp-json\/wp\/v2\/tags?post=107299"}],"curies":[{"name":"wp","href":"https:\/\/api.w.org\/{rel}","templated":true}]}}