{"id":107303,"date":"2025-10-12T06:39:14","date_gmt":"2025-10-12T06:39:14","guid":{"rendered":"https:\/\/www.europesays.com\/pt\/107303\/"},"modified":"2025-10-12T06:39:14","modified_gmt":"2025-10-12T06:39:14","slug":"morreu-diane-keaton-lenda-de-hollywood-e-protagonista-de-annie-hall-tinha-79-anos-2","status":"publish","type":"post","link":"https:\/\/www.europesays.com\/pt\/107303\/","title":{"rendered":"Morreu Diane Keaton, lenda de Hollywood e protagonista de \u201cAnnie Hall&#8221;. Tinha 79 anos"},"content":{"rendered":"<p>A vencedora de um \u00d3scar e uma das figuras mais queridas de Hollywood morreu este s\u00e1bado, 11 de outubro, na Calif\u00f3rnia.<\/p>\n<p>Partilhar<\/p>\n<p><a href=\"https:\/\/famashow.pt\/pesquisa?q=Diane+Keaton\" target=\"_blank\" rel=\"noopener noreferrer nofollow\"><strong>Diane Keaton,<\/strong><\/a> vencedora de um \u00d3scar de Melhor Atriz por \u201cAnnie Hall\u201d (1977) e uma das int\u00e9rpretes mais marcantes de Hollywood, morreu este s\u00e1bado, 11 de outubro, aos 79 anos, na Calif\u00f3rnia. A not\u00edcia foi confirmada por fontes pr\u00f3ximas \u00e0 fam\u00edlia, que pediu privacidade.<\/p>\n<p>Com mais de cinco d\u00e9cadas de carreira, Keaton tornou-se um \u00edcone pelo talento, humor e estilo inconfund\u00edvel. Brilhou em filmes como \u201cO Padrinho\u201d, \u201cManhattan\u201d, \u201cSomething\u2019s Gotta Give\u201d e \u201cFather of the Bride\u201d, deixando uma marca singular no cinema americano.<\/p>\n<p>Ainda n\u00e3o foram divulgados detalhes sobre a causa da morte.<\/p>\n","protected":false},"excerpt":{"rendered":"A vencedora de um \u00d3scar e uma das figuras mais queridas de Hollywood morreu este s\u00e1bado, 11 de&hellip;\n","protected":false},"author":2,"featured_media":107304,"comment_status":"","ping_status":"","sticky":false,"template":"","format":"standard","meta":{"footnotes":""},"categories":[145],"tags":[211,210,114,115,32,33],"class_list":{"0":"post-107303","1":"post","2":"type-post","3":"status-publish","4":"format-standard","5":"has-post-thumbnail","7":"category-celebridades","8":"tag-celebridades","9":"tag-celebrities","10":"tag-entertainment","11":"tag-entretenimento","12":"tag-portugal","13":"tag-pt"},"share_on_mastodon":{"url":"","error":""},"_links":{"self":[{"href":"https:\/\/www.europesays.com\/pt\/wp-json\/wp\/v2\/posts\/107303","targetHints":{"allow":["GET"]}}],"collection":[{"href":"https:\/\/www.europesays.com\/pt\/wp-json\/wp\/v2\/posts"}],"about":[{"href":"https:\/\/www.europesays.com\/pt\/wp-json\/wp\/v2\/types\/post"}],"author":[{"embeddable":true,"href":"https:\/\/www.europesays.com\/pt\/wp-json\/wp\/v2\/users\/2"}],"replies":[{"embeddable":true,"href":"https:\/\/www.europesays.com\/pt\/wp-json\/wp\/v2\/comments?post=107303"}],"version-history":[{"count":0,"href":"https:\/\/www.europesays.com\/pt\/wp-json\/wp\/v2\/posts\/107303\/revisions"}],"wp:featuredmedia":[{"embeddable":true,"href":"https:\/\/www.europesays.com\/pt\/wp-json\/wp\/v2\/media\/107304"}],"wp:attachment":[{"href":"https:\/\/www.europesays.com\/pt\/wp-json\/wp\/v2\/media?parent=107303"}],"wp:term":[{"taxonomy":"category","embeddable":true,"href":"https:\/\/www.europesays.com\/pt\/wp-json\/wp\/v2\/categories?post=107303"},{"taxonomy":"post_tag","embeddable":true,"href":"https:\/\/www.europesays.com\/pt\/wp-json\/wp\/v2\/tags?post=107303"}],"curies":[{"name":"wp","href":"https:\/\/api.w.org\/{rel}","templated":true}]}}