{"id":107305,"date":"2025-10-12T06:45:17","date_gmt":"2025-10-12T06:45:17","guid":{"rendered":"https:\/\/www.europesays.com\/pt\/107305\/"},"modified":"2025-10-12T06:45:17","modified_gmt":"2025-10-12T06:45:17","slug":"fc-porto-pondera-baixar-o-valor-da-clausula-de-rescisao-de-diogo-costa","status":"publish","type":"post","link":"https:\/\/www.europesays.com\/pt\/107305\/","title":{"rendered":"FC Porto pondera baixar o valor da cl\u00e1usula de rescis\u00e3o de Diogo Costa"},"content":{"rendered":"<p>&#8211; Advertisement &#8211;<\/p>\n<p>De acordo com o jornal O Jogo, o FC Porto est\u00e1 a ponderar baixar a cl\u00e1usula de rescis\u00e3o de Diogo Costa, para um valor entre os 60 e os 65 milh\u00f5es de euros. O emblema do Drag\u00e3o manter-se-\u00e1 tranquilo em rela\u00e7\u00e3o a propostas pelo jogador e continuar\u00e1 a contar com um ativo importante por v\u00e1rias temporadas.<\/p>\n<p>O FC Porto quer que Diogo Costa renove contrato at\u00e9 2030, sendo que o seu atual v\u00ednculo termine em 2027. Tem uma cl\u00e1usula de rescis\u00e3o de 75 milh\u00f5es de euros. Apenas Alisson e Kepa realizaram transfer\u00eancias superiores aos 60 milh\u00f5es de euros na posi\u00e7\u00e3o de guarda-redes.<\/p>\n<p>Diogo Costa leva 10 partidas esta \u00e9poca e \u00e9 o capit\u00e3o do FC Porto. \u00c9 considerado um membro extremamente influente no balne\u00e1rio liderado por <a href=\"https:\/\/bolanarede.pt\/etiqueta\/francesco-farioli\/\" target=\"_blank\" rel=\"noreferrer noopener nofollow\">Francesco Farioli<\/a>.<\/p>\n","protected":false},"excerpt":{"rendered":"&#8211; Advertisement &#8211; De acordo com o jornal O Jogo, o FC Porto est\u00e1 a ponderar baixar a&hellip;\n","protected":false},"author":2,"featured_media":107306,"comment_status":"","ping_status":"","sticky":false,"template":"","format":"standard","meta":{"footnotes":""},"categories":[87],"tags":[260,135,478,1380,282,32,479,33,134],"class_list":{"0":"post-107305","1":"post","2":"type-post","3":"status-publish","4":"format-standard","5":"has-post-thumbnail","7":"category-desporto","8":"tag-atualidade","9":"tag-desporto","10":"tag-destaques-bnr","11":"tag-diogo-costa","12":"tag-fc-porto","13":"tag-portugal","14":"tag-primeira-liga","15":"tag-pt","16":"tag-sports"},"share_on_mastodon":{"url":"","error":""},"_links":{"self":[{"href":"https:\/\/www.europesays.com\/pt\/wp-json\/wp\/v2\/posts\/107305","targetHints":{"allow":["GET"]}}],"collection":[{"href":"https:\/\/www.europesays.com\/pt\/wp-json\/wp\/v2\/posts"}],"about":[{"href":"https:\/\/www.europesays.com\/pt\/wp-json\/wp\/v2\/types\/post"}],"author":[{"embeddable":true,"href":"https:\/\/www.europesays.com\/pt\/wp-json\/wp\/v2\/users\/2"}],"replies":[{"embeddable":true,"href":"https:\/\/www.europesays.com\/pt\/wp-json\/wp\/v2\/comments?post=107305"}],"version-history":[{"count":0,"href":"https:\/\/www.europesays.com\/pt\/wp-json\/wp\/v2\/posts\/107305\/revisions"}],"wp:featuredmedia":[{"embeddable":true,"href":"https:\/\/www.europesays.com\/pt\/wp-json\/wp\/v2\/media\/107306"}],"wp:attachment":[{"href":"https:\/\/www.europesays.com\/pt\/wp-json\/wp\/v2\/media?parent=107305"}],"wp:term":[{"taxonomy":"category","embeddable":true,"href":"https:\/\/www.europesays.com\/pt\/wp-json\/wp\/v2\/categories?post=107305"},{"taxonomy":"post_tag","embeddable":true,"href":"https:\/\/www.europesays.com\/pt\/wp-json\/wp\/v2\/tags?post=107305"}],"curies":[{"name":"wp","href":"https:\/\/api.w.org\/{rel}","templated":true}]}}