{"id":107318,"date":"2025-10-12T07:13:12","date_gmt":"2025-10-12T07:13:12","guid":{"rendered":"https:\/\/www.europesays.com\/pt\/107318\/"},"modified":"2025-10-12T07:13:12","modified_gmt":"2025-10-12T07:13:12","slug":"jogamos-frente-a-uma-grande-equipa","status":"publish","type":"post","link":"https:\/\/www.europesays.com\/pt\/107318\/","title":{"rendered":"\u00abJogamos frente a uma grande equipa\u00bb"},"content":{"rendered":"<p>&#8211; Advertisement &#8211;<\/p>\n<p><strong>Cassiano Klein fez a an\u00e1lise \u00e0 vit\u00f3ria do Benfica sobre o Sporting. Encontro da jornada 4 da Primeira Liga de Futsal.<\/strong><\/p>\n<p>Cassiano Klein fez o rescaldo do <a href=\"https:\/\/bolanarede.pt\/especial-bola-na-rede\/atualidade\/benfica-vinga-derrota-na-supertaca-e-vence-sporting-na-jornada-4-da-primeira-liga-de-futsal\/\" target=\"_blank\" rel=\"noreferrer noopener nofollow\">triunfo do Benfica sobre o Sporting no Pavilh\u00e3o da Luz<\/a>, no encontro referente \u00e0 jornada 4 da Primeira Liga de Futsal. O treinador dos encarnados come\u00e7ou por dizer o seguinte:<\/p>\n<p>\u00abV\u00ednhamos numa sequ\u00eancia muito positiva com o Sporting e acabou por ser, na minha opini\u00e3o, um grande jogo. Duas equipas que se entregam e d\u00e3o o m\u00e1ximo, \u00e9 muito prazeroso competir a este n\u00edvel\u00bb, come\u00e7ou por dizer.<\/p>\n<p>\u00abO m\u00e9rito \u00e9 dos jogadores, que mantiveram grande concentra\u00e7\u00e3o durante toda a partida. Tivemos personalidade, defendemos e pressionamos bem. Um grande jogador, na minha opini\u00e3o, \u00e9 aquele que diminui a vantagem e n\u00e3o a que aumenta. Jog\u00e1mos contra uma equipa hist\u00f3rica, com muitos anos juntos, e agora estamos a procurar conquistar o nosso espa\u00e7o\u00bb.<\/p>\n","protected":false},"excerpt":{"rendered":"&#8211; Advertisement &#8211; Cassiano Klein fez a an\u00e1lise \u00e0 vit\u00f3ria do Benfica sobre o Sporting. Encontro da jornada&hellip;\n","protected":false},"author":2,"featured_media":107319,"comment_status":"","ping_status":"","sticky":false,"template":"","format":"standard","meta":{"footnotes":""},"categories":[87],"tags":[260,2420,6231,135,32,25702,33,16596,134],"class_list":{"0":"post-107318","1":"post","2":"type-post","3":"status-publish","4":"format-standard","5":"has-post-thumbnail","7":"category-desporto","8":"tag-atualidade","9":"tag-benfica-futsal","10":"tag-cassiano-klein","11":"tag-desporto","12":"tag-portugal","13":"tag-primeira-liga-futsal","14":"tag-pt","15":"tag-sporting-futsal","16":"tag-sports"},"share_on_mastodon":{"url":"","error":""},"_links":{"self":[{"href":"https:\/\/www.europesays.com\/pt\/wp-json\/wp\/v2\/posts\/107318","targetHints":{"allow":["GET"]}}],"collection":[{"href":"https:\/\/www.europesays.com\/pt\/wp-json\/wp\/v2\/posts"}],"about":[{"href":"https:\/\/www.europesays.com\/pt\/wp-json\/wp\/v2\/types\/post"}],"author":[{"embeddable":true,"href":"https:\/\/www.europesays.com\/pt\/wp-json\/wp\/v2\/users\/2"}],"replies":[{"embeddable":true,"href":"https:\/\/www.europesays.com\/pt\/wp-json\/wp\/v2\/comments?post=107318"}],"version-history":[{"count":0,"href":"https:\/\/www.europesays.com\/pt\/wp-json\/wp\/v2\/posts\/107318\/revisions"}],"wp:featuredmedia":[{"embeddable":true,"href":"https:\/\/www.europesays.com\/pt\/wp-json\/wp\/v2\/media\/107319"}],"wp:attachment":[{"href":"https:\/\/www.europesays.com\/pt\/wp-json\/wp\/v2\/media?parent=107318"}],"wp:term":[{"taxonomy":"category","embeddable":true,"href":"https:\/\/www.europesays.com\/pt\/wp-json\/wp\/v2\/categories?post=107318"},{"taxonomy":"post_tag","embeddable":true,"href":"https:\/\/www.europesays.com\/pt\/wp-json\/wp\/v2\/tags?post=107318"}],"curies":[{"name":"wp","href":"https:\/\/api.w.org\/{rel}","templated":true}]}}