{"id":107351,"date":"2025-10-12T07:55:12","date_gmt":"2025-10-12T07:55:12","guid":{"rendered":"https:\/\/www.europesays.com\/pt\/107351\/"},"modified":"2025-10-12T07:55:12","modified_gmt":"2025-10-12T07:55:12","slug":"barbara-timo-conquista-medalha-de-ouro-na-taca-europeia-de-malaga","status":"publish","type":"post","link":"https:\/\/www.europesays.com\/pt\/107351\/","title":{"rendered":"B\u00e1rbara Timo conquista medalha de ouro na Ta\u00e7a Europeia de M\u00e1laga"},"content":{"rendered":"<p><a href=\"https:\/\/sportinforma.sapo.pt\/tag\/barbara-timo\" target=\"_blank\" rel=\"noreferrer noopener nofollow\">B\u00e1rbara Timo<\/a> conquistou a medalha de ouro em -70 kg na Ta\u00e7a Europeia de M\u00e1laga, depois de um pleno de vit\u00f3rias. A <a href=\"https:\/\/sportinforma.sapo.pt\/tag\/judo\" target=\"_blank\" rel=\"noreferrer noopener nofollow\">judoca<\/a> portuguesa derrotou a alem\u00e3 Eva Buddenkotte na final da prova.<\/p>\n<p><a href=\"https:\/\/sportinforma.sapo.pt\/\" target=\"_blank\" rel=\"noreferrer noopener nofollow\">&#8211; Tudo sobre o desporto nacional e internacional em<b id=\"s-b-embed-68\" data-stringify-type=\"bold\">\u00a0<\/b><b>sportinforma.sapo.pt &#8211;<\/b><\/a><\/p>\n<p>Para al\u00e9m de B\u00e1rbara Timo, tamb\u00e9m Miguel Gago esteve em destaque este s\u00e1bado. O judoca perdeu a final diante de Alejandro Moral Navarro nos -66 kg, ficando com a medalha de prata.<\/p>\n<p>Com menos sorte, Gon\u00e7alo Lampreia (-73 kg) e Rosa Man\u00e9 (+78 kg) n\u00e3o conseguiram chegar ao p\u00f3dio, tendo em conta que perderam a disputa pelos respetivos terceiros lugares e n\u00e3o foram al\u00e9m do quinto.<\/p>\n","protected":false},"excerpt":{"rendered":"B\u00e1rbara Timo conquistou a medalha de ouro em -70 kg na Ta\u00e7a Europeia de M\u00e1laga, depois de um&hellip;\n","protected":false},"author":2,"featured_media":107352,"comment_status":"","ping_status":"","sticky":false,"template":"","format":"standard","meta":{"footnotes":""},"categories":[87],"tags":[135,32,33,134],"class_list":{"0":"post-107351","1":"post","2":"type-post","3":"status-publish","4":"format-standard","5":"has-post-thumbnail","7":"category-desporto","8":"tag-desporto","9":"tag-portugal","10":"tag-pt","11":"tag-sports"},"share_on_mastodon":{"url":"","error":""},"_links":{"self":[{"href":"https:\/\/www.europesays.com\/pt\/wp-json\/wp\/v2\/posts\/107351","targetHints":{"allow":["GET"]}}],"collection":[{"href":"https:\/\/www.europesays.com\/pt\/wp-json\/wp\/v2\/posts"}],"about":[{"href":"https:\/\/www.europesays.com\/pt\/wp-json\/wp\/v2\/types\/post"}],"author":[{"embeddable":true,"href":"https:\/\/www.europesays.com\/pt\/wp-json\/wp\/v2\/users\/2"}],"replies":[{"embeddable":true,"href":"https:\/\/www.europesays.com\/pt\/wp-json\/wp\/v2\/comments?post=107351"}],"version-history":[{"count":0,"href":"https:\/\/www.europesays.com\/pt\/wp-json\/wp\/v2\/posts\/107351\/revisions"}],"wp:featuredmedia":[{"embeddable":true,"href":"https:\/\/www.europesays.com\/pt\/wp-json\/wp\/v2\/media\/107352"}],"wp:attachment":[{"href":"https:\/\/www.europesays.com\/pt\/wp-json\/wp\/v2\/media?parent=107351"}],"wp:term":[{"taxonomy":"category","embeddable":true,"href":"https:\/\/www.europesays.com\/pt\/wp-json\/wp\/v2\/categories?post=107351"},{"taxonomy":"post_tag","embeddable":true,"href":"https:\/\/www.europesays.com\/pt\/wp-json\/wp\/v2\/tags?post=107351"}],"curies":[{"name":"wp","href":"https:\/\/api.w.org\/{rel}","templated":true}]}}