{"id":107357,"date":"2025-10-12T08:02:07","date_gmt":"2025-10-12T08:02:07","guid":{"rendered":"https:\/\/www.europesays.com\/pt\/107357\/"},"modified":"2025-10-12T08:02:07","modified_gmt":"2025-10-12T08:02:07","slug":"forca-aerea-resgata-familia-de-cinco-pessoas-depois-de-ataque-de-orcas-a-veleiro","status":"publish","type":"post","link":"https:\/\/www.europesays.com\/pt\/107357\/","title":{"rendered":"For\u00e7a A\u00e9rea resgata fam\u00edlia de cinco pessoas depois de ataque de orcas a veleiro"},"content":{"rendered":"<p>                    O resgate decorreu na noite de sexta-feira. \u201cO veleiro, onde seguia um casal e tr\u00eas filhos, foi atacado por um grupo de orcas, que danificou a embarca\u00e7\u00e3o levando \u00e0 entrada de \u00e1gua\u201d, refere o comunicado da For\u00e7a A\u00e9rea. Ap\u00f3s o sucedido, as cinco pessoas abandonaram a embarca\u00e7\u00e3o com recurso a uma balsa salva-vidas, sendo mais tarde recolhidas por um navio pesqueiro que se encontrava nas imedia\u00e7\u00f5es. <\/p>\n<p>Ouvido pela Antena1, o porta-voz da Marinha, Ricardo S\u00e1 Granja, explica que o veleiro acabou afundado e os cinco tripulantes foram resgatados por um helic\u00f3ptero da For\u00e7a A\u00e9rea.<br \/>&#13;\n<\/p>\n<p>          <img decoding=\"async\" itemprop=\"image\" class=\"img-fluid\"   src=\"https:\/\/www.europesays.com\/pt\/wp-content\/uploads\/2025\/10\/d842c64d5c1ca919484c638678995e12\"\/><\/p>\n<p>\nA For\u00e7a A\u00e9rea ativou o helic\u00f3ptero EH-101 Merlin da Esquadra 751 \u2013 \u201cPumas\u201d, que descolou da Base A\u00e9rea N.\u00ba 6 (BA6), no Montijo, pelas 20h45.<\/p>\n","protected":false},"excerpt":{"rendered":"O resgate decorreu na noite de sexta-feira. \u201cO veleiro, onde seguia um casal e tr\u00eas filhos, foi atacado&hellip;\n","protected":false},"author":2,"featured_media":107358,"comment_status":"","ping_status":"","sticky":false,"template":"","format":"standard","meta":{"footnotes":""},"categories":[10],"tags":[27,28,15,16,14,25,26,21,22,12,13,19,20,32,23,24,33,420,421,17,18,29,30,31],"class_list":{"0":"post-107357","1":"post","2":"type-post","3":"status-publish","4":"format-standard","5":"has-post-thumbnail","7":"category-portugal","8":"tag-breaking-news","9":"tag-breakingnews","10":"tag-featured-news","11":"tag-featurednews","12":"tag-headlines","13":"tag-latest-news","14":"tag-latestnews","15":"tag-main-news","16":"tag-mainnews","17":"tag-news","18":"tag-noticias","19":"tag-noticias-principais","20":"tag-noticiasprincipais","21":"tag-portugal","22":"tag-principais-noticias","23":"tag-principaisnoticias","24":"tag-pt","25":"tag-rtp","26":"tag-rtp-noticias","27":"tag-top-stories","28":"tag-topstories","29":"tag-ultimas","30":"tag-ultimas-noticias","31":"tag-ultimasnoticias"},"share_on_mastodon":{"url":"","error":""},"_links":{"self":[{"href":"https:\/\/www.europesays.com\/pt\/wp-json\/wp\/v2\/posts\/107357","targetHints":{"allow":["GET"]}}],"collection":[{"href":"https:\/\/www.europesays.com\/pt\/wp-json\/wp\/v2\/posts"}],"about":[{"href":"https:\/\/www.europesays.com\/pt\/wp-json\/wp\/v2\/types\/post"}],"author":[{"embeddable":true,"href":"https:\/\/www.europesays.com\/pt\/wp-json\/wp\/v2\/users\/2"}],"replies":[{"embeddable":true,"href":"https:\/\/www.europesays.com\/pt\/wp-json\/wp\/v2\/comments?post=107357"}],"version-history":[{"count":0,"href":"https:\/\/www.europesays.com\/pt\/wp-json\/wp\/v2\/posts\/107357\/revisions"}],"wp:featuredmedia":[{"embeddable":true,"href":"https:\/\/www.europesays.com\/pt\/wp-json\/wp\/v2\/media\/107358"}],"wp:attachment":[{"href":"https:\/\/www.europesays.com\/pt\/wp-json\/wp\/v2\/media?parent=107357"}],"wp:term":[{"taxonomy":"category","embeddable":true,"href":"https:\/\/www.europesays.com\/pt\/wp-json\/wp\/v2\/categories?post=107357"},{"taxonomy":"post_tag","embeddable":true,"href":"https:\/\/www.europesays.com\/pt\/wp-json\/wp\/v2\/tags?post=107357"}],"curies":[{"name":"wp","href":"https:\/\/api.w.org\/{rel}","templated":true}]}}