{"id":10736,"date":"2025-07-31T21:11:12","date_gmt":"2025-07-31T21:11:12","guid":{"rendered":"https:\/\/www.europesays.com\/pt\/10736\/"},"modified":"2025-07-31T21:11:12","modified_gmt":"2025-07-31T21:11:12","slug":"nova-politica-de-migracao-da-dinamarca-prepara-o-terreno-para-uma-reflexao-a-nivel-da-ue","status":"publish","type":"post","link":"https:\/\/www.europesays.com\/pt\/10736\/","title":{"rendered":"Nova pol\u00edtica de migra\u00e7\u00e3o da Dinamarca prepara o terreno para uma reflex\u00e3o a n\u00edvel da UE"},"content":{"rendered":"<p>          <img decoding=\"async\" class=\"c-ad__placeholder__logo\" src=\"https:\/\/static.euronews.com\/website\/images\/logos\/logo-euronews-stacked-outlined-72x72-grey-9.svg\" width=\"72\" height=\"72\" alt=\"\" loading=\"lazy\"\/><br \/>\n          PUBLICIDADE<\/p>\n<p>Quando se trata de migra\u00e7\u00e3o, a Dinamarca mal consegue esconder o seu sentimento de vingan\u00e7a.<\/p>\n<p>&#8220;O que tem sido a corrente dominante entre as nossas popula\u00e7\u00f5es durante muitos anos \u00e9 agora a corrente dominante tamb\u00e9m para muitos de n\u00f3s, pol\u00edticos&#8221;, disse a primeira-ministra Mette Frederiksen no in\u00edcio deste m\u00eas, no Parlamento Europeu em Estrasburgo. &#8220;Finalmente&#8221;.<\/p>\n<p>O ministro da imigra\u00e7\u00e3o dinamarqu\u00eas, Kaare Dybvad, sente-se igualmente triunfante. &#8220;Lembro-me que quando ocupei este cargo, h\u00e1 tr\u00eas anos, o ministro austr\u00edaco era o \u00fanico que apoiava estas ideias&#8221;, disse Dybvad numa entrevista \u00e0 Euronews.<\/p>\n<p>&#8220;Agora parece que h\u00e1 muitos mais pa\u00edses que se uniram em torno da no\u00e7\u00e3o de que devemos ter um controlo democr\u00e1tico dos fluxos migrat\u00f3rios.&#8221;<\/p>\n<p>Durante anos, a Dinamarca foi considerada a ovelha negra da pol\u00edtica de migra\u00e7\u00e3o da Uni\u00e3o Europeia. No rescaldo da crise migrat\u00f3ria de 2015-2016, o pa\u00eds come\u00e7ou a adotar regras cada vez mais restritivas com o objetivo de dissuadir as chegadas e dificultar o acesso a salvaguardas legais, uma decis\u00e3o impulsionada pela sua cl\u00e1usula de exclus\u00e3o do quadro de asilo da Uni\u00e3o Europeia.<\/p>\n<p>Em 2019, a Dinamarca <a href=\"https:\/\/www.migrationpolicy.org\/article\/denmark-migration-profile-pioneer\" target=\"_blank\" rel=\"noreferrer nofollow noopener\"><strong>aprovou<\/strong><\/a> uma lei de &#8220;mudan\u00e7a de paradigma&#8221; que fez da prote\u00e7\u00e3o tempor\u00e1ria dos refugiados a nova norma. A t\u00f3nica passou a ser a autossufici\u00eancia para estimular a integra\u00e7\u00e3o no mercado de trabalho e reduzir a depend\u00eancia da seguran\u00e7a social. A resid\u00eancia permanente continua a estar dispon\u00edvel, mas sujeita a crit\u00e9rios rigorosos em mat\u00e9ria de emprego a tempo inteiro e de longa dura\u00e7\u00e3o.<\/p>\n<p>Ao limitar a dura\u00e7\u00e3o do asilo, as autoridades dinamarquesas tornaram mais f\u00e1cil verificar se os motivos de prote\u00e7\u00e3o continuavam a ser aplic\u00e1veis e, em caso negativo, se a deporta\u00e7\u00e3o era vi\u00e1vel.<\/p>\n<p>A Dinamarca tornou-se o primeiro pa\u00eds europeu a declarar partes da S\u00edria como &#8220;seguras&#8221;, alegando que a situa\u00e7\u00e3o no terreno tinha &#8220;melhorado significativamente&#8221;. A decis\u00e3o, que levou \u00e0 revoga\u00e7\u00e3o das autoriza\u00e7\u00f5es de resid\u00eancia de centenas de refugiados s\u00edrios, revelou-se extremamente controversa e fez manchetes internacionais.<\/p>\n<p>Em 2021, a Dinamarca assinou um memorando de entendimento com o Ruanda. Nos termos do acordo, transferiria os requerentes de asilo para um centro de acolhimento no pa\u00eds africano para aguardarem a an\u00e1lise dos seus pedidos.<\/p>\n<p>Esta foi a primeira vez que um Estado-membro da UE adotou abertamente uma estrat\u00e9gia de externaliza\u00e7\u00e3o. A Comiss\u00e3o Europeia, que tinha criticado duramente um esquema semelhante entre o Reino Unido e o Ruanda, reservou-se o direito de intentar uma a\u00e7\u00e3o judicial.<\/p>\n<p>&#8220;O tratamento externo dos pedidos de asilo levanta quest\u00f5es fundamentais sobre o acesso aos procedimentos, mas tamb\u00e9m sobre o acesso efetivo \u00e0 prote\u00e7\u00e3o, em conformidade com as exig\u00eancias do direito internacional&#8221;, declarou um porta-voz da Comiss\u00e3o <a href=\"https:\/\/audiovisual.ec.europa.eu\/en\/video\/I-223795\" target=\"_blank\" rel=\"noreferrer nofollow noopener\"><strong>em 2022<\/strong><\/a>.<\/p>\n<p>Um ano mais tarde, a Dinamarca abandonou o plano, mas manteve o princ\u00edpio. Em vez de procurar a externaliza\u00e7\u00e3o a n\u00edvel nacional, o pa\u00eds pretende ir mais longe: a dimens\u00e3o europeia.<\/p>\n<p>De ovelha negra a pastor<\/p>\n<p>A aposta dinamarquesa no plano europeu n\u00e3o teve eco imediato.<\/p>\n<p>Na altura, o bloco estava a negociar o Novo Pacto de Migra\u00e7\u00e3o e Asilo, uma reforma global destinada a estabelecer regras comuns e previs\u00edveis para o acolhimento e distribui\u00e7\u00e3o de requerentes de asilo. As negocia\u00e7\u00f5es foram dif\u00edceis e intensas, tornando evidentes as antigas divis\u00f5es entre o Sul e o Norte. Por vezes, o Pacto parecia estar condenado ao fracasso.<\/p>\n<p>No final, os Estados-membros reconheceram o valor de uma legisla\u00e7\u00e3o coletiva para lidar com um desafio transfronteiri\u00e7o como a migra\u00e7\u00e3o irregular. As cinco leis interligadas do Pacto <a href=\"https:\/\/pt.euronews.com\/my-europe\/2024\/05\/14\/ue-conclui-reforma-das-regras-de-migracao-apesar-de-a-polonia-e-a-hungria-terem-votado-con\" rel=\"nofollow noopener\" target=\"_blank\"><strong>foram adotadas<\/strong><\/a> em 14 de maio de 2024, com os votos contra da Pol\u00f3nia e da Hungria. O momento foi saudado como um avan\u00e7o hist\u00f3rico.<\/p>\n<p>Mas, para Copenhaga, n\u00e3o foi suficiente. Dois dias ap\u00f3s a vota\u00e7\u00e3o, a Dinamarca <a href=\"https:\/\/pt.euronews.com\/my-europe\/2024\/05\/16\/15-paises-da-ue-apelam-a-externalizacao-da-politica-de-migracao-e-asilo\" rel=\"nofollow noopener\" target=\"_blank\"><strong>publicou uma carta<\/strong><\/a> co-assinada pela \u00c1ustria, Bulg\u00e1ria, Chipre, Rep\u00fablica Checa, Est\u00f3nia, Finl\u00e2ndia, Gr\u00e9cia, It\u00e1lia, Let\u00f3nia, Litu\u00e2nia, Malta, Pa\u00edses Baixos, Pol\u00f3nia e Rom\u00e9nia.<\/p>\n<p>No documento, o grupo defende, de forma inequ\u00edvoca, a externaliza\u00e7\u00e3o dos procedimentos de asilo, nomeadamente atrav\u00e9s da cria\u00e7\u00e3o de um &#8220;mecanismo de centro de regresso&#8221; para onde &#8220;os repatriados poderiam ser transferidos enquanto aguardam o seu afastamento definitivo&#8221;.<\/p>\n<p>A carta faz uma refer\u00eancia especial \u00e0 iniciativa italiana de construir centros na Alb\u00e2nia para processar os pedidos de asilo de migrantes resgatados no mar.<\/p>\n<p>Foi uma demonstra\u00e7\u00e3o de for\u00e7a e uma declara\u00e7\u00e3o de inten\u00e7\u00f5es que Bruxelas n\u00e3o podia continuar a ignorar. A conversa rapidamente se desviou do Pacto para as chamadas &#8220;solu\u00e7\u00f5es inovadoras&#8221;.<\/p>\n<p>Em outubro, o lobbying deu os seus maiores frutos, quando Ursula von der Leyen, a presidente da Comiss\u00e3o Europeia, <a href=\"https:\/\/pt.euronews.com\/my-europe\/2024\/10\/15\/von-der-leyen-apoia-centros-de-regresso-para-requerentes-de-asilo-rejeitados\" rel=\"nofollow noopener\" target=\"_blank\"><strong>apoiou a ideia de<\/strong><\/a> construir centros de deporta\u00e7\u00e3o em solo estrangeiro, uma rutura clara com o pensamento tradicional do executivo.<\/p>\n<p>Pouco depois da sua reelei\u00e7\u00e3o, a Comiss\u00e3o apresentou um <a href=\"https:\/\/pt.euronews.com\/my-europe\/2025\/03\/11\/ue-lanca-as-bases-para-a-construcao-de-centros-de-deportacao-em-paises-distantes\" rel=\"nofollow noopener\" target=\"_blank\"><strong>projeto de regulamento<\/strong><\/a> que permitiria aos Estados-membros estabelecer acordos com pa\u00edses exteriores ao bloco para transferir requerentes de asilo rejeitados em troca de incentivos financeiros.<\/p>\n<p>Por coincid\u00eancia, a lei est\u00e1 a ser negociada no momento em que a Dinamarca assume <a href=\"https:\/\/pt.euronews.com\/my-europe\/2025\/07\/01\/dinamarca-assume-presidencia-rotativa-do-conselho-da-ue\" rel=\"nofollow noopener\" target=\"_blank\"><strong>a presid\u00eancia semestral<\/strong><\/a> do Conselho da UE. O pa\u00eds sublinhou a sua inten\u00e7\u00e3o de chegar a um acordo pol\u00edtico sobre este dossier antes do final do ano.<\/p>\n<p>Outra prioridade fundamental \u00e9 a revis\u00e3o do conceito de &#8220;pa\u00eds terceiro seguro&#8221;, que facilitaria a realoja\u00e7\u00e3o de requerentes de asilo para al\u00e9m das fronteiras europeias.<\/p>\n<p>&#8220;Queremos fazer avan\u00e7ar a agenda da migra\u00e7\u00e3o&#8221;, declarou Lars L\u00f8kke Rasmussen, ministro dos Neg\u00f3cios Estrangeiros da Dinamarca, no in\u00edcio deste m\u00eas, durante uma confer\u00eancia de imprensa em Aarhus.<\/p>\n<p>&#8220;\u00c9 sabido que temos uma pol\u00edtica bastante dura em rela\u00e7\u00e3o \u00e0 imigra\u00e7\u00e3o ilegal e temos provado ser bastante bem-sucedidos&#8221;, acrescentou.<\/p>\n<p>For\u00e7ar a lei<\/p>\n<p>A carta de Copenhaga tem mais do que boas hip\u00f3teses de sucesso: o grupo de 15 pa\u00edses que apoiou a carta de 2024 foi crescendo ao longo do tempo e representa hoje uma maioria decisiva. A Alemanha aderiu pouco depois da entrada em fun\u00e7\u00f5es do seu novo chanceler federal, Friedrich Merz, que <a href=\"https:\/\/pt.euronews.com\/my-europe\/2025\/06\/12\/friedrich-merz-reune-se-com-a-primeira-ministra-dinamarquesa-mette-frederiksen-em-berlim\" rel=\"nofollow noopener\" target=\"_blank\"><strong>elogiou<\/strong><\/a> a pol\u00edtica de migra\u00e7\u00e3o da Dinamarca como &#8220;verdadeiramente exemplar&#8221;.<\/p>\n<p>As organiza\u00e7\u00f5es humanit\u00e1rias est\u00e3o alarmadas com a rapidez com que as coisas est\u00e3o a evoluir. Alertam para o facto de a externaliza\u00e7\u00e3o representar um desperd\u00edcio de dinheiro dos contribuintes e um incentivo ao sofrimento humano.<\/p>\n<p>&#8220;O modelo dinamarqu\u00eas de controlo da migra\u00e7\u00e3o est\u00e1 a ser anunciado como um padr\u00e3o a imitar, pois visa dissuadir os requerentes de asilo de virem para c\u00e1&#8221;, afirmou C\u00e9line Miard, diretora europeia do Conselho Dinamarqu\u00eas para os Refugiados (DRC).<\/p>\n<p>&#8220;A atual tend\u00eancia das na\u00e7\u00f5es europeias para se concentrarem em mecanismos de dissuas\u00e3o e para externalizarem os processos de asilo n\u00e3o s\u00f3 \u00e9 eticamente question\u00e1vel, uma vez que viola frequentemente o princ\u00edpio da n\u00e3o repuls\u00e3o, como tamb\u00e9m \u00e9 comprovadamente ineficaz a longo prazo.&#8221;<\/p>\n<p>Em todo o caso, a externaliza\u00e7\u00e3o continua a ser um conceito muito abstrato.<\/p>\n<p>Nem a Dinamarca nem os seus aliados, nem a Comiss\u00e3o Europeia, revelaram pormenores sobre o que seriam, na pr\u00e1tica, estas instala\u00e7\u00f5es externas. N\u00e3o existem estimativas financeiras, nem um plano log\u00edstico, nem, sobretudo, uma sugest\u00e3o de destino.<\/p>\n<p>O protocolo \u00edtalo-alban\u00eas, que von der Leyen saudou como um modelo pioneiro do qual o bloco poderia tirar li\u00e7\u00f5es, ficou muito aqu\u00e9m dos cinco d\u00edgitos de requerentes de asilo inicialmente anunciados. Com um custo de 74,2 milh\u00f5es de euros, os centros acolhem atualmente algumas centenas de imigrantes com ordem de deporta\u00e7\u00e3o.<\/p>\n<p>Os funcion\u00e1rios dinamarqueses admitem ainda n\u00e3o ter realizado uma avalia\u00e7\u00e3o para concretizar o projeto dos &#8220;centros de retorno&#8221;, mas insistem que qualquer acordo com um pa\u00eds n\u00e3o pertencente \u00e0 UE deve ser concebido como uma parceria mutuamente ben\u00e9fica e respeitar o direito internacional e os direitos fundamentais, um padr\u00e3o elevado que pode complicar o processo de sele\u00e7\u00e3o.<\/p>\n<p>Dada a natureza pol\u00e9mica da externaliza\u00e7\u00e3o, espera-se que o projeto seja levado a cabo por uma &#8220;coliga\u00e7\u00e3o de interessados&#8221;, com o apoio pol\u00edtico e potencialmente financeiro de Bruxelas.<\/p>\n<p>Uma abordagem progressista<\/p>\n<p>A abordagem da Dinamarca \u00e0 quest\u00e3o da migra\u00e7\u00e3o tem um cariz ideol\u00f3gico.<\/p>\n<p>Ao contr\u00e1rio do que geralmente acontece na Europa, onde a pol\u00edtica rigorosa \u00e9 promovida por governos de direita, na Dinamarca \u00e9 o partido social-democrata que lidera esta pol\u00edtica.<\/p>\n<p>O partido defende muitas das ideias comuns \u00e0 esquerda europeia, como a a\u00e7\u00e3o clim\u00e1tica, a igualdade de g\u00e9nero, os direitos LGBTQ+ e um Estado social forte. No entanto, no que diz respeito \u00e0 migra\u00e7\u00e3o, o partido optou por se desviar fortemente da agenda progressista e adotar uma linha dura, que levanta sobrancelhas entre os socialistas e provoca aplausos entre os conservadores.<\/p>\n<p>A estrat\u00e9gia de quebrar tabus tem favorecido Frederiksen. A primeira-ministra \u00e9 uma das tr\u00eas socialistas que conseguiram sobreviver \u00e0 recente viragem \u00e0 direita e manter o seu lugar no Conselho Europeu. Os outros dois s\u00e3o Robert Abela, de Malta, que apoia a externaliza\u00e7\u00e3o, e Pedro S\u00e1nchez, de Espanha, que se lhe op\u00f5e.<\/p>\n<p>&#8220;Temos de enfrentar o fen\u00f3meno migrat\u00f3rio pensando nas gera\u00e7\u00f5es futuras e n\u00e3o nas elei\u00e7\u00f5es futuras&#8221;, afirmou S\u00e1nchez no ano passado, defendendo a necessidade de uma abordagem acolhedora para enfrentar a crise demogr\u00e1fica europeia e garantir a prosperidade econ\u00f3mica.<\/p>\n<p>No entanto, Frederiksen e os seus ministros est\u00e3o convencidos de que este \u00e9 o \u00fanico m\u00e9todo vi\u00e1vel para os pol\u00edticos de centro-esquerda se manterem no poder e evitarem o avan\u00e7o das for\u00e7as de extrema-direita, que representam uma amea\u00e7a direta \u00e0s suas convic\u00e7\u00f5es progressistas.<\/p>\n<p>Kaare Dybvad, o ministro dinamarqu\u00eas da Imigra\u00e7\u00e3o, considera que os outros partidos sociais-democratas deveriam repensar a quest\u00e3o, seguindo o exemplo de Copenhaga.<\/p>\n<p>&#8220;A migra\u00e7\u00e3o \u00e9 muitas vezes um fardo para os eleitores. As comunidades da classe trabalhadora t\u00eam assumido a maior parte da tarefa de integrar as pessoas nas comunidades locais e no mercado de trabalho&#8221;, declarou Dybvad \u00e0 Euronews.<\/p>\n<p>&#8220;Por isso, se somos um partido que representa pessoas pouco qualificadas e mal pagas, ent\u00e3o devemos ser bastante restritivos em rela\u00e7\u00e3o \u00e0 migra\u00e7\u00e3o&#8221;.<\/p>\n<p>Questionado sobre se se sentia recompensado pela mudan\u00e7a de opini\u00e3o na Europa, o ministro respondeu: &#8220;Estou feliz por termos muito mais discuss\u00f5es sobre estes assuntos&#8221;.<\/p>\n","protected":false},"excerpt":{"rendered":"PUBLICIDADE Quando se trata de migra\u00e7\u00e3o, a Dinamarca mal consegue esconder o seu sentimento de vingan\u00e7a. &#8220;O que&hellip;\n","protected":false},"author":2,"featured_media":10737,"comment_status":"","ping_status":"","sticky":false,"template":"","format":"standard","meta":{"footnotes":""},"categories":[50],"tags":[27,28,4639,15,16,14,25,26,21,22,4637,62,12,13,19,20,4638,23,24,17,18,29,30,31,636,63,64,65],"class_list":{"0":"post-10736","1":"post","2":"type-post","3":"status-publish","4":"format-standard","5":"has-post-thumbnail","7":"category-mundo","8":"tag-breaking-news","9":"tag-breakingnews","10":"tag-dinamarca","11":"tag-featured-news","12":"tag-featurednews","13":"tag-headlines","14":"tag-latest-news","15":"tag-latestnews","16":"tag-main-news","17":"tag-mainnews","18":"tag-mette-frederiksen","19":"tag-mundo","20":"tag-news","21":"tag-noticias","22":"tag-noticias-principais","23":"tag-noticiasprincipais","24":"tag-politica-migratoria","25":"tag-principais-noticias","26":"tag-principaisnoticias","27":"tag-top-stories","28":"tag-topstories","29":"tag-ultimas","30":"tag-ultimas-noticias","31":"tag-ultimasnoticias","32":"tag-uniao-europeia","33":"tag-world","34":"tag-world-news","35":"tag-worldnews"},"share_on_mastodon":{"url":"","error":""},"_links":{"self":[{"href":"https:\/\/www.europesays.com\/pt\/wp-json\/wp\/v2\/posts\/10736","targetHints":{"allow":["GET"]}}],"collection":[{"href":"https:\/\/www.europesays.com\/pt\/wp-json\/wp\/v2\/posts"}],"about":[{"href":"https:\/\/www.europesays.com\/pt\/wp-json\/wp\/v2\/types\/post"}],"author":[{"embeddable":true,"href":"https:\/\/www.europesays.com\/pt\/wp-json\/wp\/v2\/users\/2"}],"replies":[{"embeddable":true,"href":"https:\/\/www.europesays.com\/pt\/wp-json\/wp\/v2\/comments?post=10736"}],"version-history":[{"count":0,"href":"https:\/\/www.europesays.com\/pt\/wp-json\/wp\/v2\/posts\/10736\/revisions"}],"wp:featuredmedia":[{"embeddable":true,"href":"https:\/\/www.europesays.com\/pt\/wp-json\/wp\/v2\/media\/10737"}],"wp:attachment":[{"href":"https:\/\/www.europesays.com\/pt\/wp-json\/wp\/v2\/media?parent=10736"}],"wp:term":[{"taxonomy":"category","embeddable":true,"href":"https:\/\/www.europesays.com\/pt\/wp-json\/wp\/v2\/categories?post=10736"},{"taxonomy":"post_tag","embeddable":true,"href":"https:\/\/www.europesays.com\/pt\/wp-json\/wp\/v2\/tags?post=10736"}],"curies":[{"name":"wp","href":"https:\/\/api.w.org\/{rel}","templated":true}]}}