{"id":107363,"date":"2025-10-12T08:09:11","date_gmt":"2025-10-12T08:09:11","guid":{"rendered":"https:\/\/www.europesays.com\/pt\/107363\/"},"modified":"2025-10-12T08:09:11","modified_gmt":"2025-10-12T08:09:11","slug":"jim-carrey-revela-se-voltaria-para-o-grinch-2","status":"publish","type":"post","link":"https:\/\/www.europesays.com\/pt\/107363\/","title":{"rendered":"Jim Carrey revela se voltaria para &#8216;O Grinch 2&#8217;"},"content":{"rendered":"<p><strong><a href=\"https:\/\/cinepop.com.br\/tag\/jim-carrey\/\" title=\"Jim Carrey\" rel=\"nofollow noopener\" target=\"_blank\">Jim Carrey<\/a><\/strong> falou recentemente sobre a possibilidade de reprisar seu papel ic\u00f4nico como <strong>\u2018<a href=\"https:\/\/cinepop.com.br\/tag\/o-grinch\/\" title=\"O Grinch\" rel=\"nofollow noopener\" target=\"_blank\">O Grinch<\/a>\u2019<\/strong>, o personagem que odeia o Natal, no cl\u00e1ssico natalino.<\/p>\n<p>Durante uma entrevista ao <a href=\"https:\/\/comicbook.com\/interviews\/news\/jim-carrey-would-return-for-a-mask-sequel-on-one-condition\/\" rel=\"nofollow noopener\" target=\"_blank\">ComicBook<\/a>, <strong>Carrey<\/strong> expressou entusiasmo sobre a ideia de retornar ao papel.<\/p>\n<p>\u201cSe conseguirmos fazer o [um novo] Grinch\u2026 O problema \u00e9 que, na \u00e9poca, eu precisava usar uma tonelada de maquiagem, mal conseguia respirar, e era um processo extremamente doloroso. As crian\u00e7as estavam sempre na minha mente. \u2018\u00c9 pelas crian\u00e7as, \u00e9 pelas crian\u00e7as, \u00e9 pelas crian\u00e7as.\u2019 E agora, com a captura de movimento e tecnologias como essa, eu poderia estar livre para fazer outras coisas\u201d, disse o ator.<\/p>\n<p>\u201cQualquer coisa \u00e9 poss\u00edvel neste mundo\u201d, concluiu <strong>Carrey<\/strong>, deixando no ar a possibilidade de um retorno ao papel.<\/p>\n<p><strong>\u2018<a href=\"https:\/\/cinepop.com.br\/tag\/o-grinch\/\" title=\"O Grinch\" rel=\"nofollow noopener\" target=\"_blank\">O Grinch<\/a>\u2019 est\u00e1 dispon\u00edvel no Prime Video.<\/strong><\/p>\n<p>Na trama, um Grinch que odeia o Natal resolve criar um plano para impedir que os habitantes da pequena cidade de Queml\u00e2ndia possam comemorar a data festiva. Para tanto, na v\u00e9spera do grande dia, <a href=\"https:\/\/cinepop.com.br\/tag\/o-grinch\/\" title=\"o Grinch\" rel=\"nofollow noopener\" target=\"_blank\">o Grinch<\/a> resolve invadir as casas das pessoas e furtivamente roubar delas tudo o que esteja relacionado ao Natal.<\/p>\n<p><strong><a href=\"https:\/\/cinepop.com.br\/tag\/taylor-momsen\/\" title=\"Taylor Momsen\" rel=\"nofollow noopener\" target=\"_blank\">Taylor Momsen<\/a>, <a href=\"https:\/\/cinepop.com.br\/tag\/jeffrey-tambor\/\" title=\"Jeffrey Tambor\" rel=\"nofollow noopener\" target=\"_blank\">Jeffrey Tambor<\/a>, <a href=\"https:\/\/cinepop.com.br\/tag\/christine-baranski\/\" title=\"Christine Baranski\" rel=\"nofollow noopener\" target=\"_blank\">Christine Baranski<\/a>, <a href=\"https:\/\/cinepop.com.br\/tag\/bill-irwin\/\" title=\"Bill Irwin\" rel=\"nofollow noopener\" target=\"_blank\">Bill Irwin<\/a> e <a href=\"https:\/\/cinepop.com.br\/tag\/molly-shannon\/\" title=\"Molly Shannon\" rel=\"nofollow noopener\" target=\"_blank\">Molly Shannon<\/a><\/strong> completam o elenco da com\u00e9dia.<\/p>\n<p><strong><a href=\"https:\/\/cinepop.com.br\/tag\/ron-howard\/\" title=\"Ron Howard\" rel=\"nofollow noopener\" target=\"_blank\">Ron Howard<\/a><\/strong> assina a dire\u00e7\u00e3o, a partir de um roteiro escrito por <strong>Jeffrey Price e Peter S. Seaman<\/strong>.<\/p>\n<p>Assista a uma cena do filme:<\/p>\n<p><img fetchpriority=\"high\" decoding=\"async\" class=\"size-full wp-image-325610 aligncenter\" src=\"https:\/\/www.europesays.com\/pt\/wp-content\/uploads\/2025\/10\/o-grinch2.jpeg\" alt=\"\" width=\"667\" height=\"1000\"  \/><\/p>\n","protected":false},"excerpt":{"rendered":"Jim Carrey falou recentemente sobre a possibilidade de reprisar seu papel ic\u00f4nico como \u2018O Grinch\u2019, o personagem que&hellip;\n","protected":false},"author":2,"featured_media":107364,"comment_status":"","ping_status":"","sticky":false,"template":"","format":"standard","meta":{"footnotes":""},"categories":[140],"tags":[25708,25709,114,115,3639,147,148,25710,25711,25712,146,25713,32,33,25714,11243],"class_list":{"0":"post-107363","1":"post","2":"type-post","3":"status-publish","4":"format-standard","5":"has-post-thumbnail","7":"category-filmes","8":"tag-bill-irwin","9":"tag-christine-baranski","10":"tag-entertainment","11":"tag-entretenimento","12":"tag-featured","13":"tag-film","14":"tag-filmes","15":"tag-jeffrey-tambor","16":"tag-jim-carrey","17":"tag-molly-shannon","18":"tag-movies","19":"tag-o-grinch","20":"tag-portugal","21":"tag-pt","22":"tag-ron-howard","23":"tag-taylor-momsen"},"share_on_mastodon":{"url":"","error":""},"_links":{"self":[{"href":"https:\/\/www.europesays.com\/pt\/wp-json\/wp\/v2\/posts\/107363","targetHints":{"allow":["GET"]}}],"collection":[{"href":"https:\/\/www.europesays.com\/pt\/wp-json\/wp\/v2\/posts"}],"about":[{"href":"https:\/\/www.europesays.com\/pt\/wp-json\/wp\/v2\/types\/post"}],"author":[{"embeddable":true,"href":"https:\/\/www.europesays.com\/pt\/wp-json\/wp\/v2\/users\/2"}],"replies":[{"embeddable":true,"href":"https:\/\/www.europesays.com\/pt\/wp-json\/wp\/v2\/comments?post=107363"}],"version-history":[{"count":0,"href":"https:\/\/www.europesays.com\/pt\/wp-json\/wp\/v2\/posts\/107363\/revisions"}],"wp:featuredmedia":[{"embeddable":true,"href":"https:\/\/www.europesays.com\/pt\/wp-json\/wp\/v2\/media\/107364"}],"wp:attachment":[{"href":"https:\/\/www.europesays.com\/pt\/wp-json\/wp\/v2\/media?parent=107363"}],"wp:term":[{"taxonomy":"category","embeddable":true,"href":"https:\/\/www.europesays.com\/pt\/wp-json\/wp\/v2\/categories?post=107363"},{"taxonomy":"post_tag","embeddable":true,"href":"https:\/\/www.europesays.com\/pt\/wp-json\/wp\/v2\/tags?post=107363"}],"curies":[{"name":"wp","href":"https:\/\/api.w.org\/{rel}","templated":true}]}}