{"id":107365,"date":"2025-10-12T08:10:15","date_gmt":"2025-10-12T08:10:15","guid":{"rendered":"https:\/\/www.europesays.com\/pt\/107365\/"},"modified":"2025-10-12T08:10:15","modified_gmt":"2025-10-12T08:10:15","slug":"mora-tem-tido-jogo-nos-sub-21-e-mostra-a-sua-qualidade","status":"publish","type":"post","link":"https:\/\/www.europesays.com\/pt\/107365\/","title":{"rendered":"\u00abMora tem tido jogo nos sub-21 e mostra a sua qualidade\u00bb"},"content":{"rendered":"<p><strong>Declara\u00e7\u00f5es de Lu\u00eds Freire, selecionador nacional sub-21, ap\u00f3s a vit\u00f3ria por 3-0 frente \u00e0 Bulg\u00e1ria, no Est\u00e1dio Municipal de Portim\u00e3o, em jogo a contar para a qualifica\u00e7\u00e3o para o Europeu da categoria, em 2027. <\/strong><\/p>\n<p>[Como comenta a exibi\u00e7\u00e3o do Rodrigo Mora?]<\/p>\n<p>O Rodrigo tem muito talento: \u00e9 um jogador feliz com a bola nos p\u00e9s, tem qualidade e consegue exprimi-la. Aqui vai tendo tamb\u00e9m este espa\u00e7o, tem tido jogo nos sub-21 e acaba por mostrar a sua qualidade. Esse reflexo dos tr\u00eas jogos, tr\u00eas golos, \u00e9 trabalho da equipa, n\u00e3o \u00e9 s\u00f3 dele. A equipa estar bem ajuda a que as individualidades apare\u00e7am. Hoje houve v\u00e1rias acima da m\u00e9dia, o Mora foi uma delas.<\/p>\n<p style=\"margin-bottom:11px\">\u00a0<\/p>\n<p style=\"margin-bottom:11px\">[Acredita que vai ser uma luta a dois com a Rep\u00fablica Checa?]<\/p>\n<p>Acredito que, pelo ranking, pelo historial da Rep\u00fablica Checa, pelas vit\u00f3rias que tem tido, vai ser o advers\u00e1rio para a qualifica\u00e7\u00e3o direta. Decidiremos entre n\u00f3s, sabendo que estes jogos s\u00e3o complicados e temos de os ganhar, para ganhar avan\u00e7o \u00e0 Rep\u00fablica Checa. Vamos fazer o nosso trabalho e ganhar os nossos jogos para l\u00e1 estar.<\/p>\n","protected":false},"excerpt":{"rendered":"Declara\u00e7\u00f5es de Lu\u00eds Freire, selecionador nacional sub-21, ap\u00f3s a vit\u00f3ria por 3-0 frente \u00e0 Bulg\u00e1ria, no Est\u00e1dio Municipal&hellip;\n","protected":false},"author":2,"featured_media":107366,"comment_status":"","ping_status":"","sticky":false,"template":"","format":"standard","meta":{"footnotes":""},"categories":[87],"tags":[135,14746,46,32,14747,33,47,2435,134],"class_list":{"0":"post-107365","1":"post","2":"type-post","3":"status-publish","4":"format-standard","5":"has-post-thumbnail","7":"category-desporto","8":"tag-desporto","9":"tag-luis-freire","10":"tag-maisfutebol","11":"tag-portugal","12":"tag-portugal-sub-21","13":"tag-pt","14":"tag-pura-paixao","15":"tag-rodrigo-mora","16":"tag-sports"},"share_on_mastodon":{"url":"","error":""},"_links":{"self":[{"href":"https:\/\/www.europesays.com\/pt\/wp-json\/wp\/v2\/posts\/107365","targetHints":{"allow":["GET"]}}],"collection":[{"href":"https:\/\/www.europesays.com\/pt\/wp-json\/wp\/v2\/posts"}],"about":[{"href":"https:\/\/www.europesays.com\/pt\/wp-json\/wp\/v2\/types\/post"}],"author":[{"embeddable":true,"href":"https:\/\/www.europesays.com\/pt\/wp-json\/wp\/v2\/users\/2"}],"replies":[{"embeddable":true,"href":"https:\/\/www.europesays.com\/pt\/wp-json\/wp\/v2\/comments?post=107365"}],"version-history":[{"count":0,"href":"https:\/\/www.europesays.com\/pt\/wp-json\/wp\/v2\/posts\/107365\/revisions"}],"wp:featuredmedia":[{"embeddable":true,"href":"https:\/\/www.europesays.com\/pt\/wp-json\/wp\/v2\/media\/107366"}],"wp:attachment":[{"href":"https:\/\/www.europesays.com\/pt\/wp-json\/wp\/v2\/media?parent=107365"}],"wp:term":[{"taxonomy":"category","embeddable":true,"href":"https:\/\/www.europesays.com\/pt\/wp-json\/wp\/v2\/categories?post=107365"},{"taxonomy":"post_tag","embeddable":true,"href":"https:\/\/www.europesays.com\/pt\/wp-json\/wp\/v2\/tags?post=107365"}],"curies":[{"name":"wp","href":"https:\/\/api.w.org\/{rel}","templated":true}]}}