{"id":107369,"date":"2025-10-12T08:15:10","date_gmt":"2025-10-12T08:15:10","guid":{"rendered":"https:\/\/www.europesays.com\/pt\/107369\/"},"modified":"2025-10-12T08:15:10","modified_gmt":"2025-10-12T08:15:10","slug":"espanhola-retida-apos-atacar-israelita-chega-a-acordo-para-deportacao","status":"publish","type":"post","link":"https:\/\/www.europesays.com\/pt\/107369\/","title":{"rendered":"Espanhola retida ap\u00f3s &#8216;atacar&#8217; israelita chega a acordo para deporta\u00e7\u00e3o"},"content":{"rendered":"<p>A ativista espanhola que seguiu na flotilha humanit\u00e1ria e que ficou retida em Israel ap\u00f3s morder uma funcion\u00e1ria israelita j\u00e1 chegou a um acordo de deporta\u00e7\u00e3o, que dever\u00e1 cumprir-se este fim de semana.<\/p>\n<p>De acordo com as publica\u00e7\u00f5es israelitas e espanholas, a deporta\u00e7\u00e3o acontece este s\u00e1bado. A publica\u00e7\u00e3o El Espanol refere ainda que a fam\u00edlia j\u00e1 estava, na sexta-feira, em contacto com o advogado que a defende devido \u00e0 multa de 2.600 euros que ter\u00e1 de pagar para regressar de Israel. Segundo o Times of Israel, este valor diz respeito a quest\u00f5es administrativas.<\/p>\n<p>Explicam as publica\u00e7\u00f5es que parte do acordo consistia em admitir que tinha cometido uma agress\u00e3o ligeira contra a funcion\u00e1ria &#8211; que primeiro foi descrita como uma enfermeira e que agora \u00e9 classificada como guarda da pris\u00e3o onde estavam. A ativista, Reyes Rigo Cervilla, referiu ainda que ter\u00e1 sido em autodefesa.<\/p>\n<p>Mordeu ou arranhou?<\/p>\n<p>Note-se que a mulher, de 56 anos, foi acusada pelas autoridades de ter mordido a funcion\u00e1ria depois de um exame de rotina feito na pris\u00e3o de Ketziot, onde os ativistas estiveram antes de serem deportados para os respetivos pa\u00edses. Previa-se que, \u00e0 semelhan\u00e7a dos quase restantes 30 espanh\u00f3is, Cervilla voltasse para Espanha no in\u00edcio da semana.<\/p>\n<p>Os restantes 27 seguiram de volta \u00e0 Europa, e esta ficou retida, at\u00e9 este acordo ser fechado. Ap\u00f3s ser acusada de morder a enfermeira, a mulher negou que o tivesse feito e, agora, a acusa\u00e7\u00e3o foi mudada, falando as autoridades num &#8220;arranh\u00e3o&#8221;.<\/p>\n<p>Segundo os procuradores, citados pelo Times of Israel, Cervilla atacou a guarda &#8220;agarrando-a pela m\u00e3o esquerda e cravando as unhas na sua carne&#8221;, causando-lhe &#8220;um corte profundo e vermelhid\u00e3o&#8221;. O corte da guarda foi desinfetado e ela recebeu uma vacina contra o t\u00e9tano.<\/p>\n<p>Desta forma, e acusada de uma agress\u00e3o ligeira, a mulher considerou-se ent\u00e3o culpada, mantendo que a funcion\u00e1ria em quest\u00e3o foi violenta para consigo e para a colega de flotilha que estava com ela.<\/p>\n<p>Para al\u00e9m da deporta\u00e7\u00e3o, o acordo prev\u00ea ainda que, desta forma, as autoridades israelitas n\u00e3o necessitem de mostrar as c\u00e2maras de vigil\u00e2ncia, que, segundo a ativista, mostrariam como a funcion\u00e1ria foi agressiva para a ativista.<\/p>\n<p>Ao ser ouvida, e tal como pode ver no v\u00eddeo abaixo, conhecido no final desta semana, a mulher explicou que foi tratada com viol\u00eancia.<\/p>\n<p>&#8220;Bateram-nos, empurraram-nos&#8221;, explicou ao tribunal, dando conta de que &#8220;ao contr\u00e1rio do que descreveram, eles atacaram a minha amiga, eu tentei defend\u00ea-la&#8221;.<\/p>\n<p>&#8220;Quando cheguei perto da minha amiga, eles agarraram-me pela cabe\u00e7a e os meus \u00f3culos ca\u00edram. Depois de receber todos os tipo de empurr\u00f5es de todos os lados, levantei-me&#8221;, disse.<\/p>\n<p>Depois, descreveu as condi\u00e7\u00f5es em que ficou detida com o restante grupo da flotilha, dizendo que estavam numa cela destinada a cinco pessoas, mas que no interior estavam 14. &#8220;N\u00e3o nos deram \u00e1gua, comida, e cheirava mal&#8221;, descreveu. <\/p>\n<p>A Flotilha Global Sumud saiu de Barcelona, no norte de Espanha, em 31 de agosto, e pretendia chegar com ajuda humanit\u00e1ria ao territ\u00f3rio palestiniano da Faixa de Gaza, mas foi intercetada, h\u00e1 cerca de duas semanas em \u00e1guas internacionais por militares israelitas, que detiveram cerca de 450 pessoas que seguiam nos barcos.<\/p>\n<p>Entre os deportados est\u00e3o cidad\u00e3os da Gr\u00e9cia, It\u00e1lia, Fran\u00e7a, Irlanda, Su\u00e9cia, Pol\u00f3nia, Alemanha, Bulg\u00e1ria, Litu\u00e2nia, \u00c1ustria, Luxemburgo, Finl\u00e2ndia, Dinamarca, Eslov\u00e1quia, Su\u00ed\u00e7a, Noruega, Reino Unido, S\u00e9rvia e Estados Unidos, disse o Minist\u00e9rio.<\/p>\n<p>Veja as imagens na galeria acima.<\/p>\n<p>Leia Tamb\u00e9m: <a href=\"https:\/\/www.noticiasaominuto.com\/mundo\/2865858\/ativista-espanhola-retida-em-israel-apos-morder-enfermeira-na-prisao\" target=\"_blank\" rel=\"noreferrer noopener nofollow\">Ativista espanhola retida em Israel ap\u00f3s morder enfermeira na pris\u00e3o<\/a><\/p>\n","protected":false},"excerpt":{"rendered":"A ativista espanhola que seguiu na flotilha humanit\u00e1ria e que ficou retida em Israel ap\u00f3s morder uma funcion\u00e1ria&hellip;\n","protected":false},"author":2,"featured_media":107370,"comment_status":"","ping_status":"","sticky":false,"template":"","format":"standard","meta":{"footnotes":""},"categories":[50],"tags":[27,28,15,16,14,25,26,21,22,62,12,13,19,20,23,24,17,18,29,30,31,63,64,65],"class_list":{"0":"post-107369","1":"post","2":"type-post","3":"status-publish","4":"format-standard","5":"has-post-thumbnail","7":"category-mundo","8":"tag-breaking-news","9":"tag-breakingnews","10":"tag-featured-news","11":"tag-featurednews","12":"tag-headlines","13":"tag-latest-news","14":"tag-latestnews","15":"tag-main-news","16":"tag-mainnews","17":"tag-mundo","18":"tag-news","19":"tag-noticias","20":"tag-noticias-principais","21":"tag-noticiasprincipais","22":"tag-principais-noticias","23":"tag-principaisnoticias","24":"tag-top-stories","25":"tag-topstories","26":"tag-ultimas","27":"tag-ultimas-noticias","28":"tag-ultimasnoticias","29":"tag-world","30":"tag-world-news","31":"tag-worldnews"},"share_on_mastodon":{"url":"","error":""},"_links":{"self":[{"href":"https:\/\/www.europesays.com\/pt\/wp-json\/wp\/v2\/posts\/107369","targetHints":{"allow":["GET"]}}],"collection":[{"href":"https:\/\/www.europesays.com\/pt\/wp-json\/wp\/v2\/posts"}],"about":[{"href":"https:\/\/www.europesays.com\/pt\/wp-json\/wp\/v2\/types\/post"}],"author":[{"embeddable":true,"href":"https:\/\/www.europesays.com\/pt\/wp-json\/wp\/v2\/users\/2"}],"replies":[{"embeddable":true,"href":"https:\/\/www.europesays.com\/pt\/wp-json\/wp\/v2\/comments?post=107369"}],"version-history":[{"count":0,"href":"https:\/\/www.europesays.com\/pt\/wp-json\/wp\/v2\/posts\/107369\/revisions"}],"wp:featuredmedia":[{"embeddable":true,"href":"https:\/\/www.europesays.com\/pt\/wp-json\/wp\/v2\/media\/107370"}],"wp:attachment":[{"href":"https:\/\/www.europesays.com\/pt\/wp-json\/wp\/v2\/media?parent=107369"}],"wp:term":[{"taxonomy":"category","embeddable":true,"href":"https:\/\/www.europesays.com\/pt\/wp-json\/wp\/v2\/categories?post=107369"},{"taxonomy":"post_tag","embeddable":true,"href":"https:\/\/www.europesays.com\/pt\/wp-json\/wp\/v2\/tags?post=107369"}],"curies":[{"name":"wp","href":"https:\/\/api.w.org\/{rel}","templated":true}]}}