{"id":107371,"date":"2025-10-12T08:16:33","date_gmt":"2025-10-12T08:16:33","guid":{"rendered":"https:\/\/www.europesays.com\/pt\/107371\/"},"modified":"2025-10-12T08:16:33","modified_gmt":"2025-10-12T08:16:33","slug":"temperaturas-elevadas-em-portugal-continental-perpetuam-anomalias-termicas-positivas-mesmo-no-periodo-noturno","status":"publish","type":"post","link":"https:\/\/www.europesays.com\/pt\/107371\/","title":{"rendered":"Temperaturas elevadas em Portugal continental perpetuam anomalias t\u00e9rmicas positivas, mesmo no per\u00edodo noturno"},"content":{"rendered":"<p> <img decoding=\"async\" fetchpriority=\"high\" src=\"https:\/\/www.europesays.com\/pt\/wp-content\/uploads\/2025\/10\/dailymotion-x9rza3w_1024.jpg\"  width=\"768\" height=\"432\" id=\"x9rza3w\"\/>  <\/p>\n<p>Anomalias t\u00e9rmicas positivas diurnas e noturnas: o mote para os pr\u00f3ximos dias em Portugal continental. As temperaturas mant\u00eam-se elevadas em todo o pa\u00eds, sendo que mesmo nas horas noturnas os valores ser\u00e3o acima da m\u00e9dia.<\/p>\n<p>    <img decoding=\"async\" fetchpriority=\"high\" src=\"https:\/\/www.europesays.com\/pt\/wp-content\/uploads\/2025\/08\/joana-campos.jpg\" alt=\"Joana Campos\" width=\"40\" height=\"40\"\/>    <a class=\"nombre text-hv\" href=\"https:\/\/www.tempo.pt\/autor\/joana-campos\/\" title=\"Joana Campos\" rel=\"nofollow noopener\" target=\"_blank\">Joana Campos<\/a>        11\/10\/2025 11:24   4 min   <\/p>\n<p>Com a estabilidade atmosf\u00e9rica prolongada, sentida em Portugal continental, e originada pela influ\u00eancia do anticiclone em crista, <strong>os dias t\u00eam-se mantido secos, soalheiros e quentes<\/strong>.<\/p>\n<p>Seja o primeiro a receber as previs\u00f5es gra\u00e7as ao <strong><a href=\"https:\/\/www.whatsapp.com\/channel\/0029VaxX6njIyPtRY4lOMd1b\" target=\"_blank\" rel=\"nofollow noopener\">nosso canal do WhatsApp<\/a><\/strong>. Siga-nos e ative as notifica\u00e7\u00f5es.<\/p>\n<p>Apesar de estarmos no outono, <strong>os dias quentes t\u00eam feito parte do nosso quotidiano<\/strong>, onde, na maior parte dos dias, as temperaturas m\u00e1ximas chegam a aproximar-se ou at\u00e9 mesmo a ultrapassar os 30 \u00baC em v\u00e1rios locais de Norte a Sul do pa\u00eds. <strong>Esta manuten\u00e7\u00e3o de valores elevados contribui para anomalias t\u00e9rmicas positivas di\u00e1rias, em ambos os per\u00edodos do dia<\/strong> (dia e noite).<\/p>\n<p>Temperaturas adivinham-se elevadas nos pr\u00f3ximos dias<\/p>\n<p>Ainda que com a mais <strong>recente atualiza\u00e7\u00e3o do nosso modelo de refer\u00eancia, ECMWF, o mesmo indique uma poss\u00edvel descida das temperaturas a partir de quarta-feira<\/strong>, as mesmas manter-se-\u00e3o acima da normal climatol\u00f3gica, tanto durante o dia, como \u00e0 noite.<\/p>\n<p><img loading=\"lazy\" decoding=\"async\" fetchpriority=\"low\" class=\"lazy \" src=\"https:\/\/www.europesays.com\/pt\/wp-content\/uploads\/2025\/10\/temperaturas-elevadas-em-portugal-continental-perpetuam-anomalias-termicas-positivas-mesmo-no-period.png\"  width=\"768\" height=\"432\" alt=\"temperatura do ar \u00e0 superf\u00edcie\" title=\"temperatura do ar \u00e0 superf\u00edcie\" data-image=\"mg9vjeotfvh8\"\/>Nos pr\u00f3ximos dias, os valores m\u00e1ximos de temperatura manter-se-\u00e3o pr\u00f3ximos dos 30 \u00baC em diversos pontos de pa\u00eds.<\/p>\n<p>Durante este fim de semana, <strong>os term\u00f3metros poder\u00e3o chegar aos 28 \u00baC de m\u00e1xima em diversas cidades<\/strong>, especialmente ao longo da faixa litoral. Contudo, \u00e9 <strong>expect\u00e1vel que estes valores aumentem entre segunda e ter\u00e7a-feira<\/strong>, onde se poder\u00e3o registar cerca de 30 \u00baC em regi\u00f5es como o Ribatejo e Alentejo, como podemos observar no mapa acima.<\/p>\n<p>Entre quarta e quinta-feira dar-se-\u00e1 uma<strong> ligeira diminui\u00e7\u00e3o destes valores, ainda que os mesmos possam manter-se bastante agrad\u00e1veis e acima da m\u00e9dia<\/strong>. A tend\u00eancia \u00e9 que possam continuar a diminuir, no entanto, as pr\u00f3ximas atualiza\u00e7\u00e3o dever\u00e3o ser mais claras em rela\u00e7\u00e3o a este t\u00f3pico. <\/p>\n<p>Anomalias t\u00e9rmicas dever\u00e3o persistir, pelo menos, at\u00e9 dia 17 de outubro<\/p>\n<p>Com esta persist\u00eancia de valores elevados, <strong>as anomalias t\u00e9rmicas continuar\u00e3o bastante acima da m\u00e9dia, especialmente durante o per\u00edodo diurno<\/strong>, onde se esperam valores at\u00e9 8 \u00baC acima da normal climatol\u00f3gica, em boa parte do pa\u00eds, nos pr\u00f3ximos dias.<\/p>\n<p><img loading=\"lazy\" decoding=\"async\" fetchpriority=\"low\" class=\"lazy \" src=\"https:\/\/www.europesays.com\/pt\/wp-content\/uploads\/2025\/10\/1760256993_108_temperaturas-elevadas-em-portugal-continental-perpetuam-anomalias-termicas-positivas-mesmo-no-period.png\"  width=\"768\" height=\"432\" alt=\"anomalia t\u00e9rmica\" title=\"anomalia t\u00e9rmica\" data-image=\"7w3esoac5h8g\"\/>Ainda que os valores de anomalia positiva possam diminuir com o passar dos dias, a madrugada de sexta-feira, poder\u00e1 contar com anomalias positivas na ordem dos 3 \u00baC acima da normal climatol\u00f3gica.<\/p>\n<p>Em rela\u00e7\u00e3o \u00e0s noites, ainda que na regi\u00e3o de Lisboa e no Sul do pa\u00eds se registem valores acima de 20 \u00baC nas \u00faltimas horas do dia, <strong>as anomalias mais pronunciadas dever\u00e3o acontecer no Norte<\/strong>, onde, por exemplo, na quarta-feira (15), se esperam <strong>anomalias positivas de at\u00e9 6 \u00baC no Nordeste Transmontano<\/strong>, no arranque da madrugada.<\/p>\n<p><a class=\"imagen \" href=\"https:\/\/www.tempo.pt\/noticias\/previsao\/fim-de-semana-estavel-em-portugal-continental-mas-possivel-agravamento-do-estado-do-tempo-nos-acores-a-partir-de-dia.html\" title=\"Fim de semana est\u00e1vel em Portugal Continental, mas poss\u00edvel agravamento do estado do tempo nos A\u00e7ores a partir de dia 14\" rel=\"nofollow noopener\" target=\"_blank\"><img loading=\"lazy\" decoding=\"async\" fetchpriority=\"low\" class=\"lazy img-body non-editable\" src=\"https:\/\/www.europesays.com\/pt\/wp-content\/uploads\/2025\/10\/1760256993_389_fim-de-semana-estavel-em-portugal-continental-mas-possivel-agravamento-do-estado-do-tempo-nos-acores.png\"  width=\"320\" height=\"225\" alt=\"Fim de semana est\u00e1vel em Portugal Continental, mas poss\u00edvel agravamento do estado do tempo nos A\u00e7ores a partir de dia 14\"\/><\/a><\/p>\n<p>Tendo em conta a diminui\u00e7\u00e3o esperada das temperaturas a partir de quarta-feira, <strong>a madrugada de sexta-feira j\u00e1 dever\u00e1 contar com valores mais baixos<\/strong>, ainda que positivos na maior parte do territ\u00f3rio, como podemos observar no mapa acima. Para j\u00e1, <strong>s\u00e3o esperados valores de anomalia na ordem dos 3 \u00baC<\/strong>, sendo que as <strong>\u00e1reas mais pr\u00f3ximas do mar do litoral Norte e Centro poder\u00e3o registar anomalias negativas<\/strong>.<\/p>\n","protected":false},"excerpt":{"rendered":"Anomalias t\u00e9rmicas positivas diurnas e noturnas: o mote para os pr\u00f3ximos dias em Portugal continental. As temperaturas mant\u00eam-se&hellip;\n","protected":false},"author":2,"featured_media":107372,"comment_status":"","ping_status":"","sticky":false,"template":"","format":"standard","meta":{"footnotes":""},"categories":[10],"tags":[7807,27,28,15,16,14,25,26,21,22,606,12,13,19,20,7562,32,4834,23,24,33,7806,4113,17,18,29,30,31],"class_list":{"0":"post-107371","1":"post","2":"type-post","3":"status-publish","4":"format-standard","5":"has-post-thumbnail","7":"category-portugal","8":"tag-anomalia-termica","9":"tag-breaking-news","10":"tag-breakingnews","11":"tag-featured-news","12":"tag-featurednews","13":"tag-headlines","14":"tag-latest-news","15":"tag-latestnews","16":"tag-main-news","17":"tag-mainnews","18":"tag-meteorologia","19":"tag-news","20":"tag-noticias","21":"tag-noticias-principais","22":"tag-noticiasprincipais","23":"tag-outono","24":"tag-portugal","25":"tag-previsao-tempo","26":"tag-principais-noticias","27":"tag-principaisnoticias","28":"tag-pt","29":"tag-temperatura","30":"tag-temperaturas-elevadas","31":"tag-top-stories","32":"tag-topstories","33":"tag-ultimas","34":"tag-ultimas-noticias","35":"tag-ultimasnoticias"},"share_on_mastodon":{"url":"","error":""},"_links":{"self":[{"href":"https:\/\/www.europesays.com\/pt\/wp-json\/wp\/v2\/posts\/107371","targetHints":{"allow":["GET"]}}],"collection":[{"href":"https:\/\/www.europesays.com\/pt\/wp-json\/wp\/v2\/posts"}],"about":[{"href":"https:\/\/www.europesays.com\/pt\/wp-json\/wp\/v2\/types\/post"}],"author":[{"embeddable":true,"href":"https:\/\/www.europesays.com\/pt\/wp-json\/wp\/v2\/users\/2"}],"replies":[{"embeddable":true,"href":"https:\/\/www.europesays.com\/pt\/wp-json\/wp\/v2\/comments?post=107371"}],"version-history":[{"count":0,"href":"https:\/\/www.europesays.com\/pt\/wp-json\/wp\/v2\/posts\/107371\/revisions"}],"wp:featuredmedia":[{"embeddable":true,"href":"https:\/\/www.europesays.com\/pt\/wp-json\/wp\/v2\/media\/107372"}],"wp:attachment":[{"href":"https:\/\/www.europesays.com\/pt\/wp-json\/wp\/v2\/media?parent=107371"}],"wp:term":[{"taxonomy":"category","embeddable":true,"href":"https:\/\/www.europesays.com\/pt\/wp-json\/wp\/v2\/categories?post=107371"},{"taxonomy":"post_tag","embeddable":true,"href":"https:\/\/www.europesays.com\/pt\/wp-json\/wp\/v2\/tags?post=107371"}],"curies":[{"name":"wp","href":"https:\/\/api.w.org\/{rel}","templated":true}]}}