{"id":107373,"date":"2025-10-12T08:18:34","date_gmt":"2025-10-12T08:18:34","guid":{"rendered":"https:\/\/www.europesays.com\/pt\/107373\/"},"modified":"2025-10-12T08:18:34","modified_gmt":"2025-10-12T08:18:34","slug":"eduardo-sa-choca-me-que-so-possam-votar-aos-18-mas-no-digital-sejam-maiores-de-idade-aos-11-podem-ver-pornografia-tutoriais-de-beleza-e-peso-sapo","status":"publish","type":"post","link":"https:\/\/www.europesays.com\/pt\/107373\/","title":{"rendered":"Eduardo S\u00e1: \u201cChoca-me que s\u00f3 possam votar aos 18, mas no digital sejam maiores de idade aos 11. Podem ver pornografia, tutoriais de beleza e peso\u201d &#8211; SAPO"},"content":{"rendered":"<ol>\n<li><a href=\"https:\/\/news.google.com\/rss\/articles\/CBMilwJBVV95cUxNTkFMVHdpS3JWREVvVjdybTQtLU1UTHp1eFlVLXFOM05tQXJBUnZVbk1fZ3VuZHJYTXUwQjRhZWhnZlI5dTJqQ2w1OENTcW1Ga1ZSNlRjTnMzTFZlMVNtaWE0TXR0TUJlNUZ1Yk44U0dFM3U1TzVjbUtrQ3pNeHJXZFJabGhqRWZoQjlZNG5MLUxYSFJNX2pvNFJReHNybmxVU0xRMFVhRTZSanBGajlVc21TdW9fcjRkM1pPSGwwbGoybUFLd3RqVm5pclhydHR0Z2c1ZmlXZjh1SjU4dU03VUUwSXJTYVo5ZTBwQ3B3d0JCeDlYVXg1eGV3TlB5MVd5WU1VcERYQnkzMnpyU29lOEY3alA3N0U?oc=5\" target=\"_blank\" rel=\"nofollow noopener\">Eduardo S\u00e1: \u201cChoca-me que s\u00f3 possam votar aos 18, mas no digital sejam maiores de idade aos 11. Podem ver pornografia, tutoriais de beleza e peso\u201d<\/a>&nbsp;&nbsp;SAPO<\/li>\n<li><a href=\"https:\/\/news.google.com\/rss\/articles\/CBMi2wFBVV95cUxNRUdPSGplRDlGX01hZ1JFTUFIdURsMEV4dGF4aC1JRkVuSEdhMURQcXY4d0ZnWEYtVm1wT0d1ZTl6aUt2SWtxV0p4SEgzSTY5RVBBYVpCX3d4NnNhSTBIQjZYRjZVbEhmbkFLeFp0eWJDOEdNUWZrN1ljZ3d2XzdpMWRBRHd3azdMSHZTRms4RHBXM1U1TkxwSEhmaXAyNk5pMXZDN0lQWVhUUWRqZWJtMEdmem8wY1JJaHJCOE54ektvcnNGSHpZS29jbkVNUF9sdm5RZWFPZnJZSW8?oc=5\" target=\"_blank\" rel=\"nofollow noopener\">Eduardo S\u00e1 fala sobre o acidente que o deixou numa cadeira de rodas e critica meios de socorro<\/a>&nbsp;&nbsp;Correio da Manh\u00e3<\/li>\n<li><a href=\"https:\/\/news.google.com\/rss\/articles\/CBMiowJBVV95cUxNV3hTOEZCbDNUeWsxM1V5Z1YwMzk3MWtYa2FZcXFXYUd1elU1REFqY3FrSnFVMGMyc09zV2J5WlFoNGVZV2VzR0d4TDdKQXh5eWNqVFB5Z3M2Vk9FS0FYUUNyckMtNlJDTkU0OVFmemNHeGpOSVhyblpCOUdROWR1ZHg5OW5NdDI3U2N1OFA1TVYzUEpJdW44UHE0aGwzUnhnZ012X09vSDZoV094bkpHYmNTeTFXZDhrdllHa0VzNWF4d0VZaEpPYkkySEFtOUJIRnVOSWJwV09CUUl0dkRIU0NSdEk4d1FxUXFMa1dyekx1MEtmOWYxak1JbWNfbkNWRnRLc0FzdFJiQU5BbnhXcWdWVTRtWGN6S1h2bzhyR2Nnb1E?oc=5\" target=\"_blank\" rel=\"nofollow noopener\">\u201cChoca-me que s\u00f3 possam votar aos 18, mas no digital sejam maiores de idade aos 11. Podem ver pornografia, tutoriais de beleza e peso\u201d<\/a>&nbsp;&nbsp;SIC Not\u00edcias<\/li>\n<li><a href=\"https:\/\/news.google.com\/rss\/articles\/CBMikgJBVV95cUxQTUUtWHl0MlIxb1pTaEQ3NUw2Yi1PZ19GOENBd0NMMzBZdHdVU2ZtVUk3STQ1YzlsZGhxMElGd0Raa2pBMzlXMDhBLVVDWFFhV1U3Wlc0R2lTSXYxQzhlT3lTTGpPTktGTnpFRlltZDRuYWllRGRMQV92TDF1U3JiRlFDTUt6d01FWXNwdlUyaWFQTEtBQUhnYlVIQkxPcndlUFY2WmM1RlVZbzlKd1dPaTN5czlSRTlpWkM2QnFxN3g1ZldSWGlTUm1PMjlHb0wzNUJENFZ3LURSeTRjbjZlVEU2VXBadDRRdTdHWE11Q1ByY0p3anAtZU1iVzlfMnVDTDcxNEhEN0JfaS1NNlNNTWt3?oc=5\" target=\"_blank\" rel=\"nofollow noopener\">Eduardo S\u00e1: &#8220;N\u00e3o estamos a educar os nossos filhos como deve ser, se n\u00e3o lhes damos a capacidade de terem paci\u00eancia&#8221;<\/a>&nbsp;&nbsp;SIC<\/li>\n<li><a href=\"https:\/\/news.google.com\/rss\/articles\/CBMimAFBVV95cUxPSGZhNlNvb1RhTjJncklQNDZNS0NUODJkakVqcXdfVm51WjZyWm1Sbll1QWFlSFJFVU9NZWxPZWtVVkRxaHlZZ2lzSkFMT01SWEtQTi03NzUyd0J2VURkS1BPX20zOTdjbG1LOXRaUnlMZVY5MWVYWHcwOGVCMU5id2ZzcGxndk1oZHdJTTY3aUFXZjBvb2xTZQ?oc=5\" target=\"_blank\" rel=\"nofollow noopener\">Eduardo S\u00e1 emociona-se no Alta Defini\u00e7\u00e3o: \u201cFui muito maltratado\u2026\u201d<\/a>&nbsp;&nbsp;atelevisao.com<\/li>\n<\/ol>\n","protected":false},"excerpt":{"rendered":"Eduardo S\u00e1: \u201cChoca-me que s\u00f3 possam votar aos 18, mas no digital sejam maiores de idade aos 11.&hellip;\n","protected":false},"author":2,"featured_media":107374,"comment_status":"","ping_status":"","sticky":false,"template":"","format":"standard","meta":{"footnotes":""},"categories":[145],"tags":[211,210,114,115,32,33],"class_list":{"0":"post-107373","1":"post","2":"type-post","3":"status-publish","4":"format-standard","5":"has-post-thumbnail","7":"category-celebridades","8":"tag-celebridades","9":"tag-celebrities","10":"tag-entertainment","11":"tag-entretenimento","12":"tag-portugal","13":"tag-pt"},"share_on_mastodon":{"url":"","error":""},"_links":{"self":[{"href":"https:\/\/www.europesays.com\/pt\/wp-json\/wp\/v2\/posts\/107373","targetHints":{"allow":["GET"]}}],"collection":[{"href":"https:\/\/www.europesays.com\/pt\/wp-json\/wp\/v2\/posts"}],"about":[{"href":"https:\/\/www.europesays.com\/pt\/wp-json\/wp\/v2\/types\/post"}],"author":[{"embeddable":true,"href":"https:\/\/www.europesays.com\/pt\/wp-json\/wp\/v2\/users\/2"}],"replies":[{"embeddable":true,"href":"https:\/\/www.europesays.com\/pt\/wp-json\/wp\/v2\/comments?post=107373"}],"version-history":[{"count":0,"href":"https:\/\/www.europesays.com\/pt\/wp-json\/wp\/v2\/posts\/107373\/revisions"}],"wp:featuredmedia":[{"embeddable":true,"href":"https:\/\/www.europesays.com\/pt\/wp-json\/wp\/v2\/media\/107374"}],"wp:attachment":[{"href":"https:\/\/www.europesays.com\/pt\/wp-json\/wp\/v2\/media?parent=107373"}],"wp:term":[{"taxonomy":"category","embeddable":true,"href":"https:\/\/www.europesays.com\/pt\/wp-json\/wp\/v2\/categories?post=107373"},{"taxonomy":"post_tag","embeddable":true,"href":"https:\/\/www.europesays.com\/pt\/wp-json\/wp\/v2\/tags?post=107373"}],"curies":[{"name":"wp","href":"https:\/\/api.w.org\/{rel}","templated":true}]}}