{"id":107379,"date":"2025-10-12T08:28:07","date_gmt":"2025-10-12T08:28:07","guid":{"rendered":"https:\/\/www.europesays.com\/pt\/107379\/"},"modified":"2025-10-12T08:28:07","modified_gmt":"2025-10-12T08:28:07","slug":"kelleher-leva-cristiano-ronaldo-a-deja-vu-mundial-2026","status":"publish","type":"post","link":"https:\/\/www.europesays.com\/pt\/107379\/","title":{"rendered":"Kelleher leva Cristiano Ronaldo a d\u00e9j\u00e0-vu &#8211; Mundial 2026"},"content":{"rendered":"<p>                    04:06<\/p>\n<p>Guardi\u00e3o irland\u00eas defende pen\u00e1lti <\/p>\n<p class=\"\">&#13;<br \/>\n        Ainda aos 75\u2019, Kelleher esteve em destaque ao travar um pen\u00e1lti de Cristiano Ronaldo gra\u00e7as a uma defesa praticamente de andebol. Recentemente, em setembro passado, o guardi\u00e3o j\u00e1 tinha travado um remate da marca dos 11 metros de Bruno Fernandes, na altura no duelo entre Manchester United e Brentford. No c\u00f4mputo geral, o guarda-redes de 26 anos j\u00e1 defendeu um total de seis pen\u00e1ltis ao longo da carreira. Por sua vez, Cristiano Ronaldo falhou um lance dos 11 metros ao servi\u00e7o da Sele\u00e7\u00e3o pela d\u00e9cima vez enquanto profissional. Curiosamente, ainda a 1 de setembro de 2021, na partida diante da Irlanda, tamb\u00e9m de apuramento para o Mundial\u20192022, CR7 tinha visto o ent\u00e3o guardi\u00e3o irland\u00eas Bazunu travar o remate. Por\u00e9m, nesse encontro, Ronaldo acabaria por bisar numa reviravolta.&#13;\n    <\/p>\n<p>                        Para ler TODOS OS ARTIGOS RECORD PREMIUM durante o dia 12.10.2025 insira o seu n\u00famero de telem\u00f3vel e clique em OK<\/p>\n<p>Consulte a aplica\u00e7\u00e3o MBway no seu telem\u00f3vel e aceite a transa\u00e7\u00e3o&#13;\n                    <\/p>\n<p>                        Os seus dados n\u00e3o ser\u00e3o guardados pelo Record<\/p>\n","protected":false},"excerpt":{"rendered":"04:06 Guardi\u00e3o irland\u00eas defende pen\u00e1lti &#13; Ainda aos 75\u2019, Kelleher esteve em destaque ao travar um pen\u00e1lti de&hellip;\n","protected":false},"author":2,"featured_media":107380,"comment_status":"","ping_status":"","sticky":false,"template":"","format":"standard","meta":{"footnotes":""},"categories":[87],"tags":[135,32,33,134],"class_list":{"0":"post-107379","1":"post","2":"type-post","3":"status-publish","4":"format-standard","5":"has-post-thumbnail","7":"category-desporto","8":"tag-desporto","9":"tag-portugal","10":"tag-pt","11":"tag-sports"},"share_on_mastodon":{"url":"","error":""},"_links":{"self":[{"href":"https:\/\/www.europesays.com\/pt\/wp-json\/wp\/v2\/posts\/107379","targetHints":{"allow":["GET"]}}],"collection":[{"href":"https:\/\/www.europesays.com\/pt\/wp-json\/wp\/v2\/posts"}],"about":[{"href":"https:\/\/www.europesays.com\/pt\/wp-json\/wp\/v2\/types\/post"}],"author":[{"embeddable":true,"href":"https:\/\/www.europesays.com\/pt\/wp-json\/wp\/v2\/users\/2"}],"replies":[{"embeddable":true,"href":"https:\/\/www.europesays.com\/pt\/wp-json\/wp\/v2\/comments?post=107379"}],"version-history":[{"count":0,"href":"https:\/\/www.europesays.com\/pt\/wp-json\/wp\/v2\/posts\/107379\/revisions"}],"wp:featuredmedia":[{"embeddable":true,"href":"https:\/\/www.europesays.com\/pt\/wp-json\/wp\/v2\/media\/107380"}],"wp:attachment":[{"href":"https:\/\/www.europesays.com\/pt\/wp-json\/wp\/v2\/media?parent=107379"}],"wp:term":[{"taxonomy":"category","embeddable":true,"href":"https:\/\/www.europesays.com\/pt\/wp-json\/wp\/v2\/categories?post=107379"},{"taxonomy":"post_tag","embeddable":true,"href":"https:\/\/www.europesays.com\/pt\/wp-json\/wp\/v2\/tags?post=107379"}],"curies":[{"name":"wp","href":"https:\/\/api.w.org\/{rel}","templated":true}]}}