{"id":107387,"date":"2025-10-12T08:35:42","date_gmt":"2025-10-12T08:35:42","guid":{"rendered":"https:\/\/www.europesays.com\/pt\/107387\/"},"modified":"2025-10-12T08:35:42","modified_gmt":"2025-10-12T08:35:42","slug":"victor-froholdt-tem-2-interessados-no-mercado-apos-o-grande-arranque-de-epoca-pelo-fc-porto","status":"publish","type":"post","link":"https:\/\/www.europesays.com\/pt\/107387\/","title":{"rendered":"Victor Froholdt tem 2 interessados no mercado ap\u00f3s o grande arranque de \u00e9poca pelo FC Porto"},"content":{"rendered":"<p>&#8211; Advertisement &#8211;<\/p>\n<p><strong>Victor Froholdt tem sido um dos destaques do in\u00edcio da \u00e9poca. O m\u00e9dio dinamarqu\u00eas \u00e9 alvo do Atl\u00e9tico Madrid e do Brighton. <\/strong><\/p>\n<p>Victor Froholdt est\u00e1 em destaque no FC Porto e, agora, tamb\u00e9m na sele\u00e7\u00e3o dinamarquesa. Numa altura em que <a href=\"https:\/\/bolanarede.pt\/especial-bola-na-rede\/atualidade\/imprensa-dinamarquesa-rendida-a-victor-froholdt-percebe-se-por-que-razao-ja-e-amado-no-fc-porto\/\" target=\"_blank\" rel=\"noreferrer noopener nofollow\">se multiplicam os elogios ao m\u00e9dio<\/a>, surgem tamb\u00e9m os primeiros interessados no mercado.<\/p>\n<p>De acordo com o TEAMtalk, o Atl\u00e9tico Madrid \u00e9 o principal interessado no m\u00e9dio, mas conta com um rival de peso na Premier League, onde o Brighton tamb\u00e9m est\u00e1 interessado no m\u00e9dio.<\/p>\n<p>Victor Froholdt tem apenas 19 anos e esta temporada, entre FC Porto e sele\u00e7\u00e3o, leva 13 jogos com dois golos e quatro assist\u00eancias. Uma <a href=\"https:\/\/bolanarede.pt\/especial-bola-na-rede\/atualidade\/adeptos-do-fc-porto-podem-estar-descansados-victor-froholdt-nao-pode-deixar-o-dragao-em-janeiro\/\" target=\"_blank\" rel=\"noreferrer noopener nofollow\">sa\u00edda em janeiro nunca ser\u00e1 poss\u00edvel<\/a> visto que o m\u00e9dio j\u00e1 representou dois clubes esta \u00e9poca. <\/p>\n<blockquote class=\"twitter-tweet\" data-width=\"550\" data-dnt=\"true\">\n<p lang=\"en\" dir=\"ltr\">\ud83d\udea8 Atl\u00e9tico Madrid are routinely scouting Porto midfielder Victor Froholdt.<\/p>\n<p>However, they have competition for the standout teenager from Premier League club Brighton. <\/p>\n<p>(Source: <a href=\"https:\/\/twitter.com\/TEAMtalk?ref_src=twsrc%5Etfw\" rel=\"nofollow noopener\" target=\"_blank\">@TEAMtalk<\/a>) <a href=\"https:\/\/t.co\/8XrmSBg8I0\" rel=\"nofollow\">pic.twitter.com\/8XrmSBg8I0<\/a><\/p>\n<p>\u2014 Transfer News Live (@DeadlineDayLive) <a href=\"https:\/\/twitter.com\/DeadlineDayLive\/status\/1976905857628881257?ref_src=twsrc%5Etfw\" rel=\"nofollow noopener\" target=\"_blank\">October 11, 2025<\/a><\/p><\/blockquote>\n<p><script async src=\"https:\/\/platform.twitter.com\/widgets.js\" charset=\"utf-8\"><\/script><\/p>\n","protected":false},"excerpt":{"rendered":"&#8211; Advertisement &#8211; Victor Froholdt tem sido um dos destaques do in\u00edcio da \u00e9poca. O m\u00e9dio dinamarqu\u00eas \u00e9&hellip;\n","protected":false},"author":2,"featured_media":107388,"comment_status":"","ping_status":"","sticky":false,"template":"","format":"standard","meta":{"footnotes":""},"categories":[8],"tags":[3171,260,27,28,8761,478,282,15,16,14,5705,25,26,21,22,12,13,19,20,32,666,479,23,24,33,17,18,29,30,31,961],"class_list":{"0":"post-107387","1":"post","2":"type-post","3":"status-publish","4":"format-standard","5":"has-post-thumbnail","7":"category-principais-noticias","8":"tag-atletico-madrid","9":"tag-atualidade","10":"tag-breaking-news","11":"tag-breakingnews","12":"tag-brighton","13":"tag-destaques-bnr","14":"tag-fc-porto","15":"tag-featured-news","16":"tag-featurednews","17":"tag-headlines","18":"tag-la-liga","19":"tag-latest-news","20":"tag-latestnews","21":"tag-main-news","22":"tag-mainnews","23":"tag-news","24":"tag-noticias","25":"tag-noticias-principais","26":"tag-noticiasprincipais","27":"tag-portugal","28":"tag-premier-league","29":"tag-primeira-liga","30":"tag-principais-noticias","31":"tag-principaisnoticias","32":"tag-pt","33":"tag-top-stories","34":"tag-topstories","35":"tag-ultimas","36":"tag-ultimas-noticias","37":"tag-ultimasnoticias","38":"tag-victor-froholdt"},"share_on_mastodon":{"url":"","error":""},"_links":{"self":[{"href":"https:\/\/www.europesays.com\/pt\/wp-json\/wp\/v2\/posts\/107387","targetHints":{"allow":["GET"]}}],"collection":[{"href":"https:\/\/www.europesays.com\/pt\/wp-json\/wp\/v2\/posts"}],"about":[{"href":"https:\/\/www.europesays.com\/pt\/wp-json\/wp\/v2\/types\/post"}],"author":[{"embeddable":true,"href":"https:\/\/www.europesays.com\/pt\/wp-json\/wp\/v2\/users\/2"}],"replies":[{"embeddable":true,"href":"https:\/\/www.europesays.com\/pt\/wp-json\/wp\/v2\/comments?post=107387"}],"version-history":[{"count":0,"href":"https:\/\/www.europesays.com\/pt\/wp-json\/wp\/v2\/posts\/107387\/revisions"}],"wp:featuredmedia":[{"embeddable":true,"href":"https:\/\/www.europesays.com\/pt\/wp-json\/wp\/v2\/media\/107388"}],"wp:attachment":[{"href":"https:\/\/www.europesays.com\/pt\/wp-json\/wp\/v2\/media?parent=107387"}],"wp:term":[{"taxonomy":"category","embeddable":true,"href":"https:\/\/www.europesays.com\/pt\/wp-json\/wp\/v2\/categories?post=107387"},{"taxonomy":"post_tag","embeddable":true,"href":"https:\/\/www.europesays.com\/pt\/wp-json\/wp\/v2\/tags?post=107387"}],"curies":[{"name":"wp","href":"https:\/\/api.w.org\/{rel}","templated":true}]}}