{"id":107393,"date":"2025-10-12T08:41:11","date_gmt":"2025-10-12T08:41:11","guid":{"rendered":"https:\/\/www.europesays.com\/pt\/107393\/"},"modified":"2025-10-12T08:41:11","modified_gmt":"2025-10-12T08:41:11","slug":"um-filme-minecraft-2-tudo-o-que-ja-sabemos-sobre-o-live-action","status":"publish","type":"post","link":"https:\/\/www.europesays.com\/pt\/107393\/","title":{"rendered":"Um Filme Minecraft 2: tudo o que j\u00e1 sabemos sobre o live-action"},"content":{"rendered":"<p>Na \u00faltima quinta-feira, 09 de outubro, a Warner Bros. Pictures confirmou oficialmente a produ\u00e7\u00e3o da continua\u00e7\u00e3o do live-action de \u201c<a href=\"https:\/\/recreio.com.br\/tags\/minecraft\" target=\"_blank\" rel=\"noopener nofollow\">Um Filme Minecraft<\/a>\u201d, revelando, inclusive, a data de estreia da adapta\u00e7\u00e3o do popular jogo de mesmo nome.<\/p>\n<p>Vale lembrar que outros detalhes sobre o novo t\u00edtulo foram anunciados ap\u00f3s a not\u00edcia de que a trama estava em desenvolvimento inicial, em 11 de abril. Pensando no an\u00fancio, a RECREIO reuniu tudo o que j\u00e1 se sabe sobre Um Filme Minecraft 2; veja:<\/p>\n<p> Data de estreia <\/p>\n<p>Ainda sem t\u00edtulo oficial revelado aos f\u00e3s, a sequ\u00eancia foi confirmada por meio da conta oficial do X (antigo Twitter) de \u201cUm Filme Minecraft\u201d, que, ao publicar uma foto conceitual da sequ\u00eancia, onde duas picaretas de Minecraft s\u00e3o colocadas lado a lado, revelou a data de estreia da trama: 23 de julho de 2027.<\/p>\n<p>Para os que tinham d\u00favidas, o novo longa seguir\u00e1 o caminho de sucesso do antecessor e estrear\u00e1 diretamente nos cinemas em 23 de julho de 2027, como revela a legenda do post: \u201cConstruindo terreno. Vejo voc\u00ea nos cinemas em 23 de julho de 2027\u201d; veja:<\/p>\n<blockquote class=\"twitter-tweet\">\n<p dir=\"ltr\" lang=\"en\">Building terrain. See you in theaters July 23 2027. <a href=\"https:\/\/twitter.com\/hashtag\/Minecraft?src=hash&amp;ref_src=twsrc%5Etfw\" rel=\"nofollow noopener\" target=\"_blank\">#Minecraft<\/a> <a href=\"https:\/\/t.co\/9myRslRG4c\" rel=\"nofollow\">pic.twitter.com\/9myRslRG4c<\/a><\/p>\n<p>\u2014 A Minecraft Movie (@AMinecraftMovie) <a href=\"https:\/\/twitter.com\/AMinecraftMovie\/status\/1976341544266498142?ref_src=twsrc%5Etfw\" rel=\"nofollow noopener\" target=\"_blank\">October 9, 2025<\/a><\/p>\n<\/blockquote>\n<p>Vale lembrar que a expectativa para a nova aventura \u00e9 alta, j\u00e1 que o filme que abriu a franquia cinematogr\u00e1fica acumula cerca de US$ 951 milh\u00f5es em bilheteria ao redor do mundo, tornando-se o segundo filme de maior bilheteria baseado em um videogame da hist\u00f3ria, atr\u00e1s apenas de \u201cSuper Mario Bros. \u2014 O Filme\u201d<\/p>\n<p> O respons\u00e1vel pela dire\u00e7\u00e3o <\/p>\n<p>Assim como o primeiro,<strong> Jared Hess<\/strong> (\u2018Napoleon Dynamite\u2019) retorna ao posto de dire\u00e7\u00e3o da trama. Ele, inclusive, foi o respons\u00e1vel por confirmar ao Deadline que o novo longa estava em fase de planejamento em abril deste ano.<\/p>\n<p> O novo personagem <\/p>\n<p>Al\u00e9m disso, <strong>Hess<\/strong> tamb\u00e9m adiantou um pequeno spoiler do enredo. Na ocasi\u00e3o, ele contou que, al\u00e9m de Steve, o filme trar\u00e1 a personagem ruiva que usa camisa verde vista cena p\u00f3s-cr\u00e9ditos de \u201cUm Filme Minecraft\u201d: Alex.<\/p>\n<p>O nome, j\u00e1 conhecido entre os f\u00e3s de Minecraft, corresponde a uma das skins padr\u00e3o do jogo, a qual passou a fazer parte das escolhas dos personagens jog\u00e1veis em 2014.<\/p>\n<p> <img loading=\"lazy\" decoding=\"async\" class=\"size-full wp-image-42816 img-fluid lazy\" alt=\"\" width=\"1280\" height=\"720\" src=\"https:\/\/www.europesays.com\/pt\/wp-content\/uploads\/2025\/10\/alex-minecraft.jpg\"\/>Alex, skin feminina de \u2018Minecraft\u2019 \u2013 Divulga\u00e7\u00e3o\/Mojang Studios\/XBOX <\/p>\n<p>Ainda assim, n\u00e3o foram revelados detalhes sobre a aventura que Alex e Steve enfrentar\u00e3o juntos no segundo filme, bem como n\u00e3o se sabe quem ser\u00e1 a atriz respons\u00e1vel pelo papel.<\/p>\n<p> O elenco? <\/p>\n<p>Os nomes que interpretar\u00e3o os pap\u00e9is da nova trama n\u00e3o foram revelados, mas \u00e9 esperado que <a href=\"https:\/\/www.instagram.com\/jackblack\/\" target=\"_blank\" rel=\"noopener nofollow\"><strong>Jack Black<\/strong><\/a> (\u2018Escola de Rock\u2019) retorne ao elenco para usar a camisa azul de Steve, o artes\u00e3o de n\u00edvel especialista que no <a href=\"https:\/\/www.minecraft.net\/pt-br\" target=\"_blank\" rel=\"noopener nofollow\">jogo<\/a> eletr\u00f4nico sandbox de sobreviv\u00eancia lan\u00e7ado completamente em 2011 \u00e9 um dos personagens jog\u00e1veis.<\/p>\n<p>\t <img loading=\"lazy\" decoding=\"async\" class=\"size-full wp-image-42675 img-fluid lazy\" alt=\"P\u00f4ster de 'Um Filme Minecraft'\" width=\"1280\" height=\"720\" src=\"https:\/\/www.europesays.com\/pt\/wp-content\/uploads\/2025\/10\/um-filme-minecraft_capa-3.jpg\"\/>P\u00f4ster de \u2018Um Filme Minecraft\u2019 \u2013 Reprodu\u00e7\u00e3o\/Warner Bros. Pictures <\/p>\n<p>Vale lembrar que o primeiro filme traz uma hist\u00f3ria original que acompanha quatro desajustados: Garrett \u201cO Lixeiro\u201d Garrison, Henry, Natalie e Dawn, personagens vividos por <strong>Jason Momoa<\/strong> (Aquaman 2: O Reino Perdido), <strong>Sebastian Euguene Hansen<\/strong> (\u2018Luta por Justi\u00e7a\u2019), <strong>Emma Myers<\/strong> (\u2018Wandinha\u2019) e<a href=\"https:\/\/pt.wikipedia.org\/wiki\/Danielle_Brooks\" target=\"_blank\" rel=\"noopener nofollow\"> <strong>Danielle Brooks<\/strong> <\/a>(\u2018A Cor P\u00farpura\u2019), respectivamente, que acabam atravessando um portal para o Overworld.<\/p>\n<p>Dentro do universo c\u00fabico de Minecraft, eles conhecem o Nether e outras figuras apresentadas no game, como os Creepers, os Ghasts, os Piglins e os Esqueletos, enquanto tentam encontrar o caminho de volta para o mundo real com a ajuda de Steve.<\/p>\n<p>\u201cUm Filme Minecraft\u201d est\u00e1 dispon\u00edvel para streaming na HBO Max.<\/p>\n<p>        <a href=\"https:\/\/recreio.com.br\/noticias\/author\/izabela-queiroz\" rel=\"nofollow noopener\" target=\"_blank\">&#13;<br \/>\n          <img alt=\"Izabela Queiroz\" src=\"https:\/\/www.europesays.com\/pt\/wp-content\/uploads\/2025\/10\/1760258471_673_73c0b9c1056486c3f0ac887fc031213cdd608512c3b419d28e1ba5da81c3eb12\"  class=\"avatar avatar-115 photo rounded-circle mr-3\" height=\"115\" width=\"115\" loading=\"lazy\" decoding=\"async\"\/>        <\/a><\/p>\n<p>Izabela Queiroz, jornalista por paix\u00e3o e cin\u00e9fila de carteirinha. Formada pela UNINOVE, encontrou na escrita o lugar ideal para unir tudo o que mais gosta: filmes, s\u00e9ries e m\u00fasica. Nos textos, h\u00e1 quase sempre refer\u00eancias a algo relacionado \u00e0 cultura pop que a marcou. Fora deles, a encontrar\u00e1 assistindo hist\u00f3rias com reviravoltas chocantes, romances cativantes e dramas que a fazem chorar.<\/p>\n<p>\t                                            <script async src=\"https:\/\/platform.twitter.com\/widgets.js\" charset=\"utf-8\"><\/script><script async src=\"\/\/www.instagram.com\/embed.js\"><\/script><\/p>\n","protected":false},"excerpt":{"rendered":"Na \u00faltima quinta-feira, 09 de outubro, a Warner Bros. Pictures confirmou oficialmente a produ\u00e7\u00e3o da continua\u00e7\u00e3o do live-action&hellip;\n","protected":false},"author":2,"featured_media":107394,"comment_status":"","ping_status":"","sticky":false,"template":"","format":"standard","meta":{"footnotes":""},"categories":[140],"tags":[114,115,147,148,905,2044,14079,8534,146,32,33,25215],"class_list":{"0":"post-107393","1":"post","2":"type-post","3":"status-publish","4":"format-standard","5":"has-post-thumbnail","7":"category-filmes","8":"tag-entertainment","9":"tag-entretenimento","10":"tag-film","11":"tag-filmes","12":"tag-games","13":"tag-jogos","14":"tag-live-action","15":"tag-minecraft","16":"tag-movies","17":"tag-portugal","18":"tag-pt","19":"tag-um-filme-minecraft"},"share_on_mastodon":{"url":"","error":""},"_links":{"self":[{"href":"https:\/\/www.europesays.com\/pt\/wp-json\/wp\/v2\/posts\/107393","targetHints":{"allow":["GET"]}}],"collection":[{"href":"https:\/\/www.europesays.com\/pt\/wp-json\/wp\/v2\/posts"}],"about":[{"href":"https:\/\/www.europesays.com\/pt\/wp-json\/wp\/v2\/types\/post"}],"author":[{"embeddable":true,"href":"https:\/\/www.europesays.com\/pt\/wp-json\/wp\/v2\/users\/2"}],"replies":[{"embeddable":true,"href":"https:\/\/www.europesays.com\/pt\/wp-json\/wp\/v2\/comments?post=107393"}],"version-history":[{"count":0,"href":"https:\/\/www.europesays.com\/pt\/wp-json\/wp\/v2\/posts\/107393\/revisions"}],"wp:featuredmedia":[{"embeddable":true,"href":"https:\/\/www.europesays.com\/pt\/wp-json\/wp\/v2\/media\/107394"}],"wp:attachment":[{"href":"https:\/\/www.europesays.com\/pt\/wp-json\/wp\/v2\/media?parent=107393"}],"wp:term":[{"taxonomy":"category","embeddable":true,"href":"https:\/\/www.europesays.com\/pt\/wp-json\/wp\/v2\/categories?post=107393"},{"taxonomy":"post_tag","embeddable":true,"href":"https:\/\/www.europesays.com\/pt\/wp-json\/wp\/v2\/tags?post=107393"}],"curies":[{"name":"wp","href":"https:\/\/api.w.org\/{rel}","templated":true}]}}