{"id":107395,"date":"2025-10-12T08:42:08","date_gmt":"2025-10-12T08:42:08","guid":{"rendered":"https:\/\/www.europesays.com\/pt\/107395\/"},"modified":"2025-10-12T08:42:08","modified_gmt":"2025-10-12T08:42:08","slug":"ioannidis-supera-susto-e-vai-enfrentar-hjulmand-sporting","status":"publish","type":"post","link":"https:\/\/www.europesays.com\/pt\/107395\/","title":{"rendered":"Ioannidis supera susto e vai enfrentar Hjulmand &#8211; Sporting"},"content":{"rendered":"<p>                    05:44<\/p>\n<p>Avan\u00e7ado coxeou mas est\u00e1 recuperado<\/p>\n<p class=\"\">&#13;<br \/>\n        Os compromissos das sele\u00e7\u00f5es podem deixar os clubes apreensivos pela condi\u00e7\u00e3o f\u00edsica dos seus jogadores e quer o Sporting como Rui Borges sentiram-no na pele, j\u00e1 que Ioannidis ainda assustou na Gr\u00e9cia. Ap\u00f3s ter sido travado pelo central Grant Hanley nos instantes finais do Esc\u00f3cia-Gr\u00e9cia (3-1), o avan\u00e7ado do Sporting foi, segundo a imprensa hel\u00e9nica, a coxear para o balne\u00e1rio e gerou preocupa\u00e7\u00e3o no seio da sua sele\u00e7\u00e3o. No entanto, tudo n\u00e3o passou de um susto, dado que o ex-Panathinaikos treinou ontem normalmente e \u00e9 inclusivamente apontado \u00e0 titularidade diante da Dinamarca, prevendo-se por isso o \u2018mano a mano\u2019 com Hjulmand.&#13;\n    <\/p>\n<p>                        Para ler TODOS OS ARTIGOS RECORD PREMIUM durante o dia 12.10.2025 insira o seu n\u00famero de telem\u00f3vel e clique em OK<\/p>\n<p>Consulte a aplica\u00e7\u00e3o MBway no seu telem\u00f3vel e aceite a transa\u00e7\u00e3o&#13;\n                    <\/p>\n<p>                        Os seus dados n\u00e3o ser\u00e3o guardados pelo Record<\/p>\n","protected":false},"excerpt":{"rendered":"05:44 Avan\u00e7ado coxeou mas est\u00e1 recuperado &#13; Os compromissos das sele\u00e7\u00f5es podem deixar os clubes apreensivos pela condi\u00e7\u00e3o&hellip;\n","protected":false},"author":2,"featured_media":107396,"comment_status":"","ping_status":"","sticky":false,"template":"","format":"standard","meta":{"footnotes":""},"categories":[87],"tags":[135,32,33,134],"class_list":{"0":"post-107395","1":"post","2":"type-post","3":"status-publish","4":"format-standard","5":"has-post-thumbnail","7":"category-desporto","8":"tag-desporto","9":"tag-portugal","10":"tag-pt","11":"tag-sports"},"share_on_mastodon":{"url":"","error":""},"_links":{"self":[{"href":"https:\/\/www.europesays.com\/pt\/wp-json\/wp\/v2\/posts\/107395","targetHints":{"allow":["GET"]}}],"collection":[{"href":"https:\/\/www.europesays.com\/pt\/wp-json\/wp\/v2\/posts"}],"about":[{"href":"https:\/\/www.europesays.com\/pt\/wp-json\/wp\/v2\/types\/post"}],"author":[{"embeddable":true,"href":"https:\/\/www.europesays.com\/pt\/wp-json\/wp\/v2\/users\/2"}],"replies":[{"embeddable":true,"href":"https:\/\/www.europesays.com\/pt\/wp-json\/wp\/v2\/comments?post=107395"}],"version-history":[{"count":0,"href":"https:\/\/www.europesays.com\/pt\/wp-json\/wp\/v2\/posts\/107395\/revisions"}],"wp:featuredmedia":[{"embeddable":true,"href":"https:\/\/www.europesays.com\/pt\/wp-json\/wp\/v2\/media\/107396"}],"wp:attachment":[{"href":"https:\/\/www.europesays.com\/pt\/wp-json\/wp\/v2\/media?parent=107395"}],"wp:term":[{"taxonomy":"category","embeddable":true,"href":"https:\/\/www.europesays.com\/pt\/wp-json\/wp\/v2\/categories?post=107395"},{"taxonomy":"post_tag","embeddable":true,"href":"https:\/\/www.europesays.com\/pt\/wp-json\/wp\/v2\/tags?post=107395"}],"curies":[{"name":"wp","href":"https:\/\/api.w.org\/{rel}","templated":true}]}}