{"id":107411,"date":"2025-10-12T08:56:09","date_gmt":"2025-10-12T08:56:09","guid":{"rendered":"https:\/\/www.europesays.com\/pt\/107411\/"},"modified":"2025-10-12T08:56:09","modified_gmt":"2025-10-12T08:56:09","slug":"rui-borges-reinventa-o-leao-sporting","status":"publish","type":"post","link":"https:\/\/www.europesays.com\/pt\/107411\/","title":{"rendered":"Rui Borges reinventa o le\u00e3o &#8211; Sporting"},"content":{"rendered":"<p>                    03:46<\/p>\n<p>Mais do que a goleada ao Oriental (5-1), saltam \u00e0 vista as v\u00e1rias experi\u00eancias do t\u00e9cnico<\/p>\n<p class=\"\">&#13;<br \/>\n        Longe de olhares indiscretos, Rui Borges levou ontem a cabo um dia de experi\u00eancias na Academia. Culminando o ciclo semanal, o t\u00e9cnico de 44 anos colocou o lote de dispon\u00edveis \u00e0 prova num jogo-treino com o Oriental e reinventou o le\u00e3o \u2013 <b>Record<\/b> conta-lhe tudo, ao detalhe. O resultado (5-1) foi claramente favor\u00e1vel aos bicampe\u00f5es nacionais, fruto de um bis de Morita, golos de Alisson e Samuel Justo e um autogolo. &#13;\n    <\/p>\n<p>                        Para ler TODOS OS ARTIGOS RECORD PREMIUM durante o dia 12.10.2025 insira o seu n\u00famero de telem\u00f3vel e clique em OK<\/p>\n<p>Consulte a aplica\u00e7\u00e3o MBway no seu telem\u00f3vel e aceite a transa\u00e7\u00e3o&#13;\n                    <\/p>\n<p>                        Os seus dados n\u00e3o ser\u00e3o guardados pelo Record<\/p>\n","protected":false},"excerpt":{"rendered":"03:46 Mais do que a goleada ao Oriental (5-1), saltam \u00e0 vista as v\u00e1rias experi\u00eancias do t\u00e9cnico &#13;&hellip;\n","protected":false},"author":2,"featured_media":107412,"comment_status":"","ping_status":"","sticky":false,"template":"","format":"standard","meta":{"footnotes":""},"categories":[87],"tags":[135,32,33,134],"class_list":{"0":"post-107411","1":"post","2":"type-post","3":"status-publish","4":"format-standard","5":"has-post-thumbnail","7":"category-desporto","8":"tag-desporto","9":"tag-portugal","10":"tag-pt","11":"tag-sports"},"share_on_mastodon":{"url":"","error":""},"_links":{"self":[{"href":"https:\/\/www.europesays.com\/pt\/wp-json\/wp\/v2\/posts\/107411","targetHints":{"allow":["GET"]}}],"collection":[{"href":"https:\/\/www.europesays.com\/pt\/wp-json\/wp\/v2\/posts"}],"about":[{"href":"https:\/\/www.europesays.com\/pt\/wp-json\/wp\/v2\/types\/post"}],"author":[{"embeddable":true,"href":"https:\/\/www.europesays.com\/pt\/wp-json\/wp\/v2\/users\/2"}],"replies":[{"embeddable":true,"href":"https:\/\/www.europesays.com\/pt\/wp-json\/wp\/v2\/comments?post=107411"}],"version-history":[{"count":0,"href":"https:\/\/www.europesays.com\/pt\/wp-json\/wp\/v2\/posts\/107411\/revisions"}],"wp:featuredmedia":[{"embeddable":true,"href":"https:\/\/www.europesays.com\/pt\/wp-json\/wp\/v2\/media\/107412"}],"wp:attachment":[{"href":"https:\/\/www.europesays.com\/pt\/wp-json\/wp\/v2\/media?parent=107411"}],"wp:term":[{"taxonomy":"category","embeddable":true,"href":"https:\/\/www.europesays.com\/pt\/wp-json\/wp\/v2\/categories?post=107411"},{"taxonomy":"post_tag","embeddable":true,"href":"https:\/\/www.europesays.com\/pt\/wp-json\/wp\/v2\/tags?post=107411"}],"curies":[{"name":"wp","href":"https:\/\/api.w.org\/{rel}","templated":true}]}}