{"id":107415,"date":"2025-10-12T09:01:25","date_gmt":"2025-10-12T09:01:25","guid":{"rendered":"https:\/\/www.europesays.com\/pt\/107415\/"},"modified":"2025-10-12T09:01:25","modified_gmt":"2025-10-12T09:01:25","slug":"carta-anonima-ameaca-catedral-de-notre-dame","status":"publish","type":"post","link":"https:\/\/www.europesays.com\/pt\/107415\/","title":{"rendered":"Carta An\u00f4nima Amea\u00e7a Catedral de Notre-Dame"},"content":{"rendered":"<p>Uma carta a alertar para o risco de um ataque na Catedral de Notre-Dame neste fim de semana foi encontrada esta sexta-feira.<\/p>\n<p>A mensagem apelava \u00e0s pessoas para que n\u00e3o abrissem as portas da catedral parisiense, pois ali haviam sido escondidas facas para &#8220;causar carnificina&#8221;.<\/p>\n<p>A carta, an\u00f3nima e que alegava que seria cometido um ataque na Catedral de Notre-Dame durante este fim de semana, foi encontrada esta sexta-feira \u00e0 tarde por um sacrist\u00e3o, avan\u00e7a o <a aria-label=\"content\" target=\"_blank\" href=\"https:\/\/www.lefigaro.fr\/faits-divers\/paris-une-lettre-alertant-sur-un-risque-d-attentat-ce-week-end-decouverte-dans-la-cathedrale-notre-dame-20251011?utm_source=edito&amp;utm_medium=push-web&amp;utm_campaign=paris-une-lettre-alertant-sur-un-risque-dattentat-ce-week-end-decouverte-dans-la-cathedrale-notre-dame\" rel=\"nofollow noopener\">Le Figaro<\/a>, que cita fonte policial.<\/p>\n<p><strong>&#8220;N\u00e3o abram a catedral nos dias 11 e 12 de outubro. Haver\u00e1 visitantes estrangeiros que, com a ajuda de outros visitantes, j\u00e1 esconderam facas na catedral nos \u00faltimos dias. V\u00e3o causar carnificina. Por favor, n\u00e3o abram a catedral&#8221;<\/strong>, referia a mensagem, colocada perto das velas.<\/p>\n<p>Embora o edif\u00edcio n\u00e3o tenha sido evacuado, os for\u00e7as de seguran\u00e7a vasculharam o local para despistar qualquer amea\u00e7a. <\/p>\n<p><strong>&#8220;As buscas esclareceram quaisquer d\u00favidas&#8221;<\/strong> at\u00e9 \u00e0 noite de sexta-feira, informou a pol\u00edcia municipal de Paris. Tamb\u00e9m na manh\u00e3 deste s\u00e1bado foi levada a cabo &#8220;uma inspe\u00e7\u00e3o de seguran\u00e7a&#8221; realizada em conjunto pelo servi\u00e7o de seguran\u00e7a da catedral e pela pol\u00edcia e que &#8220;permitiu descartar qualquer risco&#8221;.<\/p>\n<p>Entretanto, foi aberta uma investiga\u00e7\u00e3o para identificar o autor da carta.<\/p>\n<p>Esta n\u00e3o \u00e9 a primeira vez que a Catedral de Notre-Dame enfrenta uma situa\u00e7\u00e3o deste tipo. Em abril, foi descoberta num banco no interior do edif\u00edcio uma carta que sugeria um ataque terrorista durante o fim de semana da P\u00e1scoa. &#8220;No Domingo de P\u00e1scoa, haver\u00e1 um ataque na catedral&#8221;, lia-se na mensagem, que foi levada a s\u00e9rio pelas autoridades, tendo sido aberta uma investiga\u00e7\u00e3o por &#8220;amea\u00e7a material de crime contra pessoas, cometido com base na ra\u00e7a, etnia, na\u00e7\u00e3o ou religi\u00e3o&#8221; e &#8220;divulga\u00e7\u00e3o de informa\u00e7\u00f5es falsas com o objetivo de criar a cren\u00e7a na destrui\u00e7\u00e3o perigosa&#8221;.<\/p>\n","protected":false},"excerpt":{"rendered":"Uma carta a alertar para o risco de um ataque na Catedral de Notre-Dame neste fim de semana&hellip;\n","protected":false},"author":2,"featured_media":107416,"comment_status":"","ping_status":"","sticky":false,"template":"","format":"standard","meta":{"footnotes":""},"categories":[50],"tags":[27,28,25721,15,16,208,14,25,26,21,22,62,12,13,19,20,2458,23,24,17,18,29,30,31,63,64,65],"class_list":{"0":"post-107415","1":"post","2":"type-post","3":"status-publish","4":"format-standard","5":"has-post-thumbnail","7":"category-mundo","8":"tag-breaking-news","9":"tag-breakingnews","10":"tag-catedral-de-notre-dame","11":"tag-featured-news","12":"tag-featurednews","13":"tag-franca","14":"tag-headlines","15":"tag-latest-news","16":"tag-latestnews","17":"tag-main-news","18":"tag-mainnews","19":"tag-mundo","20":"tag-news","21":"tag-noticias","22":"tag-noticias-principais","23":"tag-noticiasprincipais","24":"tag-paris","25":"tag-principais-noticias","26":"tag-principaisnoticias","27":"tag-top-stories","28":"tag-topstories","29":"tag-ultimas","30":"tag-ultimas-noticias","31":"tag-ultimasnoticias","32":"tag-world","33":"tag-world-news","34":"tag-worldnews"},"share_on_mastodon":{"url":"","error":""},"_links":{"self":[{"href":"https:\/\/www.europesays.com\/pt\/wp-json\/wp\/v2\/posts\/107415","targetHints":{"allow":["GET"]}}],"collection":[{"href":"https:\/\/www.europesays.com\/pt\/wp-json\/wp\/v2\/posts"}],"about":[{"href":"https:\/\/www.europesays.com\/pt\/wp-json\/wp\/v2\/types\/post"}],"author":[{"embeddable":true,"href":"https:\/\/www.europesays.com\/pt\/wp-json\/wp\/v2\/users\/2"}],"replies":[{"embeddable":true,"href":"https:\/\/www.europesays.com\/pt\/wp-json\/wp\/v2\/comments?post=107415"}],"version-history":[{"count":0,"href":"https:\/\/www.europesays.com\/pt\/wp-json\/wp\/v2\/posts\/107415\/revisions"}],"wp:featuredmedia":[{"embeddable":true,"href":"https:\/\/www.europesays.com\/pt\/wp-json\/wp\/v2\/media\/107416"}],"wp:attachment":[{"href":"https:\/\/www.europesays.com\/pt\/wp-json\/wp\/v2\/media?parent=107415"}],"wp:term":[{"taxonomy":"category","embeddable":true,"href":"https:\/\/www.europesays.com\/pt\/wp-json\/wp\/v2\/categories?post=107415"},{"taxonomy":"post_tag","embeddable":true,"href":"https:\/\/www.europesays.com\/pt\/wp-json\/wp\/v2\/tags?post=107415"}],"curies":[{"name":"wp","href":"https:\/\/api.w.org\/{rel}","templated":true}]}}