{"id":107417,"date":"2025-10-12T09:02:33","date_gmt":"2025-10-12T09:02:33","guid":{"rendered":"https:\/\/www.europesays.com\/pt\/107417\/"},"modified":"2025-10-12T09:02:33","modified_gmt":"2025-10-12T09:02:33","slug":"lisboa-perde-moradores-almada-ganha-novos-vizinhos","status":"publish","type":"post","link":"https:\/\/www.europesays.com\/pt\/107417\/","title":{"rendered":"Lisboa perde moradores, Almada ganha novos vizinhos"},"content":{"rendered":"<p><strong>Lisboa est\u00e1 a perder moradores, enquanto a Margem Sul do Tejo continua a ganhar novos residentes.<\/strong> \u00c9 essa a principal conclus\u00e3o do artigo <a href=\"https:\/\/amensagem.pt\/2025\/10\/10\/fenomeno-migracao-lisboa-margem-sul\/?fbclid=IwdGRjcANXlXpleHRuA2FlbQIxMQABHgzzrm8ihhfjwRJg32gql29iBZNddZsgZLb5qxZx4vl9m29dfYc8USa34mP-_aem_NfYE9A8pnXeXdd-J7Yl8LQ&amp;utm_source=chatgpt.com\" rel=\"nofollow noopener\" target=\"_blank\">\u201cAt\u00e9 que a ponte os separe: o fen\u00f3meno de migra\u00e7\u00e3o de Lisboa para a margem sul\u201d<\/a>, publicado pela A Mensagem.<\/p>\n<p>Segundo a reportagem, <strong>em 40 anos mais de 250 mil pessoas abandonaram a capital<\/strong>. S\u00f3 Almada recebeu, num \u00fanico ano, <strong>3 592 novos moradores oriundos de Lisboa<\/strong>, n\u00famero que a torna no concelho mais populoso da Pen\u00ednsula de Set\u00fabal.<\/p>\n<blockquote>\n<p>\u201cA crise da habita\u00e7\u00e3o em Lisboa, os pre\u00e7os exorbitantes por metro quadrado e a falta de oferta adequada empurram milhares de fam\u00edlias para a Margem Sul\u201d, sublinha o artigo <a href=\"https:\/\/amensagem.pt\/2025\/10\/10\/fenomeno-migracao-lisboa-margem-sul\/?fbclid=IwdGRjcANXlXpleHRuA2FlbQIxMQABHgzzrm8ihhfjwRJg32gql29iBZNddZsgZLb5qxZx4vl9m29dfYc8USa34mP-_aem_NfYE9A8pnXeXdd-J7Yl8LQ&amp;utm_source=chatgpt.com\" rel=\"nofollow noopener\" target=\"_blank\">da Mensagem<\/a>.<\/p>\n<\/blockquote>\n<p>A hist\u00f3ria de Rui Braz<\/p>\n<p>O fen\u00f3meno ganha rosto com a hist\u00f3ria de Rui Braz, um contabilista que, juntamente com a esposa, trocou Lisboa por Almada. Citado no artigo, Rui explica que a mudan\u00e7a se deveu sobretudo \u00e0 possibilidade de encontrar uma habita\u00e7\u00e3o em melhores condi\u00e7\u00f5es e com um pre\u00e7o mais acess\u00edvel.<\/p>\n<p>A reportagem destaca ainda que este \u00e9 o retrato de milhares de fam\u00edlias que atravessam diariamente a Ponte 25 de Abril ou dependem dos transportes p\u00fablicos para manter a liga\u00e7\u00e3o com Lisboa. O artigo lembra que <strong>mais de 300 mil pessoas fazem essa travessia todos os dias<\/strong>.<\/p>\n<p>Consequ\u00eancias no mercado e na vida urbana<\/p>\n<p>Mas o crescimento tem efeitos imediatos: \u201cA procura em Almada come\u00e7a a pressionar os pre\u00e7os locais e a reduzir a oferta dispon\u00edvel\u201d, alerta um agente imobili\u00e1rio ouvido no artigo <a href=\"https:\/\/amensagem.pt\/2025\/10\/10\/fenomeno-migracao-lisboa-margem-sul\/?fbclid=IwdGRjcANXlXpleHRuA2FlbQIxMQABHgzzrm8ihhfjwRJg32gql29iBZNddZsgZLb5qxZx4vl9m29dfYc8USa34mP-_aem_NfYE9A8pnXeXdd-J7Yl8LQ&amp;utm_source=chatgpt.com\" rel=\"nofollow noopener\" target=\"_blank\">da Mensagem<\/a>.<\/p>\n<p>Os autores da reportagem sublinham tamb\u00e9m a necessidade de refor\u00e7ar equipamentos sociais, de sa\u00fade e de mobilidade para evitar que o processo se torne insustent\u00e1vel.<\/p>\n<p>Futuro em constru\u00e7\u00e3o<\/p>\n<p>Entre as solu\u00e7\u00f5es em estudo, est\u00e3o a expans\u00e3o do metro de superf\u00edcie at\u00e9 \u00e0 Costa da Caparica e Trafaria e a poss\u00edvel constru\u00e7\u00e3o de um t\u00fanel submerso ligando a Trafaria a Alg\u00e9s. Tamb\u00e9m est\u00e1 projetada uma mega interven\u00e7\u00e3o urban\u00edstica nos terrenos da antiga Lisnave, que prev\u00ea habita\u00e7\u00e3o, com\u00e9rcio, servi\u00e7os e at\u00e9 uma \u00d3pera.<\/p>\n<p>O artigo <a href=\"https:\/\/amensagem.pt\/2025\/10\/10\/fenomeno-migracao-lisboa-margem-sul\/?fbclid=IwdGRjcANXlXpleHRuA2FlbQIxMQABHgzzrm8ihhfjwRJg32gql29iBZNddZsgZLb5qxZx4vl9m29dfYc8USa34mP-_aem_NfYE9A8pnXeXdd-J7Yl8LQ&amp;utm_source=chatgpt.com\" rel=\"nofollow noopener\" target=\"_blank\">\u201cAt\u00e9 que a ponte os separe\u201d<\/a> conclui com uma imagem simb\u00f3lica: a Margem Sul pode deixar de ser apenas a periferia de Lisboa para se tornar um reflexo \u2014 talvez ainda mais intenso \u2014 das transforma\u00e7\u00f5es e dificuldades da capital.<\/p>\n","protected":false},"excerpt":{"rendered":"Lisboa est\u00e1 a perder moradores, enquanto a Margem Sul do Tejo continua a ganhar novos residentes. \u00c9 essa&hellip;\n","protected":false},"author":2,"featured_media":107418,"comment_status":"","ping_status":"","sticky":false,"template":"","format":"standard","meta":{"footnotes":""},"categories":[10],"tags":[27,28,15,16,14,25,26,21,22,12,13,19,20,32,23,24,33,17,18,29,30,31],"class_list":{"0":"post-107417","1":"post","2":"type-post","3":"status-publish","4":"format-standard","5":"has-post-thumbnail","7":"category-portugal","8":"tag-breaking-news","9":"tag-breakingnews","10":"tag-featured-news","11":"tag-featurednews","12":"tag-headlines","13":"tag-latest-news","14":"tag-latestnews","15":"tag-main-news","16":"tag-mainnews","17":"tag-news","18":"tag-noticias","19":"tag-noticias-principais","20":"tag-noticiasprincipais","21":"tag-portugal","22":"tag-principais-noticias","23":"tag-principaisnoticias","24":"tag-pt","25":"tag-top-stories","26":"tag-topstories","27":"tag-ultimas","28":"tag-ultimas-noticias","29":"tag-ultimasnoticias"},"share_on_mastodon":{"url":"","error":""},"_links":{"self":[{"href":"https:\/\/www.europesays.com\/pt\/wp-json\/wp\/v2\/posts\/107417","targetHints":{"allow":["GET"]}}],"collection":[{"href":"https:\/\/www.europesays.com\/pt\/wp-json\/wp\/v2\/posts"}],"about":[{"href":"https:\/\/www.europesays.com\/pt\/wp-json\/wp\/v2\/types\/post"}],"author":[{"embeddable":true,"href":"https:\/\/www.europesays.com\/pt\/wp-json\/wp\/v2\/users\/2"}],"replies":[{"embeddable":true,"href":"https:\/\/www.europesays.com\/pt\/wp-json\/wp\/v2\/comments?post=107417"}],"version-history":[{"count":0,"href":"https:\/\/www.europesays.com\/pt\/wp-json\/wp\/v2\/posts\/107417\/revisions"}],"wp:featuredmedia":[{"embeddable":true,"href":"https:\/\/www.europesays.com\/pt\/wp-json\/wp\/v2\/media\/107418"}],"wp:attachment":[{"href":"https:\/\/www.europesays.com\/pt\/wp-json\/wp\/v2\/media?parent=107417"}],"wp:term":[{"taxonomy":"category","embeddable":true,"href":"https:\/\/www.europesays.com\/pt\/wp-json\/wp\/v2\/categories?post=107417"},{"taxonomy":"post_tag","embeddable":true,"href":"https:\/\/www.europesays.com\/pt\/wp-json\/wp\/v2\/tags?post=107417"}],"curies":[{"name":"wp","href":"https:\/\/api.w.org\/{rel}","templated":true}]}}