{"id":10742,"date":"2025-07-31T21:14:16","date_gmt":"2025-07-31T21:14:16","guid":{"rendered":"https:\/\/www.europesays.com\/pt\/10742\/"},"modified":"2025-07-31T21:14:16","modified_gmt":"2025-07-31T21:14:16","slug":"o-brilho-incomoda-quem-vive-na-sombra","status":"publish","type":"post","link":"https:\/\/www.europesays.com\/pt\/10742\/","title":{"rendered":"&#8216;O brilho incomoda quem vive na sombra&#8217;"},"content":{"rendered":"\n<p class=\" content-text__container \" data-track-category=\"Link no Texto\" data-track-links=\"\"> &#8220;Quando eu fiquei pronto (para a grava\u00e7\u00e3o da novela), eu falei: &#8216;Nossa, estou a cara da Leilane!&#8217; Ruiva!&#8221;, afirmou o ator, em v\u00eddeo, ao lado da colega <a class=\"\" href=\"https:\/\/oglobo.globo.com\/tudo-sobre\/personalidade\/elizabeth-savala\" rel=\"nofollow noopener\" target=\"_blank\">Elizabeth Savala<\/a>. &#8220;Est\u00e1 igualzinho&#8221;, concordou a atriz, aos risos. Na legenda do post, Lu\u00eds escreveu: &#8220;Quando a ignor\u00e2ncia grita, a eleg\u00e2ncia responde com sil\u00eancio. Leilane, jornalista competente, mulher admir\u00e1vel e gigante na profiss\u00e3o e no car\u00e1ter. O brilho incomoda quem vive na sombra. Meu amor, seu talento e sua classe s\u00e3o indiscut\u00edveis. O desamor jamais te alcan\u00e7a. Todo meu amor, apoio e admira\u00e7\u00e3o&#8221;. <\/p>\n<p>O que aconteceu com Leilane Neubarth<\/p>\n<p class=\" content-text__container \" data-track-category=\"Link no Texto\" data-track-links=\"\"> Na \u00faltima quarta-feira (30), enquanto realizava compras numa loja no Rio de Janeiro, Leilane Neubarth foi alvo de ofensas proferidas por uma mulher no local. Na ocasi\u00e3o, a jornalista da <a class=\"\" href=\"https:\/\/oglobo.globo.com\/tudo-sobre\/canal\/globonews\" rel=\"nofollow noopener\" target=\"_blank\">Globonews<\/a> filmou parte do que ouviu e publicou nas redes sociais. Isto aconteceu comigo esta tarde. Eu estava numa loja, tranquilamente fazendo compras, quando fui v\u00edtima de uma agress\u00e3o gratuita. Do nada esta mulher come\u00e7ou a me agredir e me xingar&#8221;, explicou. <\/p>\n<p class=\" content-text__container \" data-track-category=\"Link no Texto\" data-track-links=\"\"> &#8220;Eu demorei um pouco pra entender que minha \u00fanica &#8216;arma&#8217; contra aquela agress\u00e3o gratuita era meu celular. Gravei s\u00f3 o final do ataque. Al\u00e9m de agressiva ela foi extremamente debochada, parecendo se exibir na agress\u00e3o. Por isso decidi postar aqui&#8221;, explicou ela. &#8220;Ningu\u00e9m precisa gostar de ningu\u00e9m. Mas acredito realmente que &#8216;o respeito \u00e9 a luz que ilumina a escurid\u00e3o da intoler\u00e2ncia'&#8221;, finalizou. <\/p>\n","protected":false},"excerpt":{"rendered":"&#8220;Quando eu fiquei pronto (para a grava\u00e7\u00e3o da novela), eu falei: &#8216;Nossa, estou a cara da Leilane!&#8217; Ruiva!&#8221;,&hellip;\n","protected":false},"author":2,"featured_media":10743,"comment_status":"","ping_status":"","sticky":false,"template":"","format":"standard","meta":{"footnotes":""},"categories":[145],"tags":[211,210,4297,4642,114,115,3378,4641,3966,4640,32,33],"class_list":{"0":"post-10742","1":"post","2":"type-post","3":"status-publish","4":"format-standard","5":"has-post-thumbnail","7":"category-celebridades","8":"tag-celebridades","9":"tag-celebrities","10":"tag-deputado-federal","11":"tag-elizabeth-savala","12":"tag-entertainment","13":"tag-entretenimento","14":"tag-eta-mundo-melhor","15":"tag-globonews","16":"tag-leilane-neubarth","17":"tag-luis-miranda","18":"tag-portugal","19":"tag-pt"},"share_on_mastodon":{"url":"","error":""},"_links":{"self":[{"href":"https:\/\/www.europesays.com\/pt\/wp-json\/wp\/v2\/posts\/10742","targetHints":{"allow":["GET"]}}],"collection":[{"href":"https:\/\/www.europesays.com\/pt\/wp-json\/wp\/v2\/posts"}],"about":[{"href":"https:\/\/www.europesays.com\/pt\/wp-json\/wp\/v2\/types\/post"}],"author":[{"embeddable":true,"href":"https:\/\/www.europesays.com\/pt\/wp-json\/wp\/v2\/users\/2"}],"replies":[{"embeddable":true,"href":"https:\/\/www.europesays.com\/pt\/wp-json\/wp\/v2\/comments?post=10742"}],"version-history":[{"count":0,"href":"https:\/\/www.europesays.com\/pt\/wp-json\/wp\/v2\/posts\/10742\/revisions"}],"wp:featuredmedia":[{"embeddable":true,"href":"https:\/\/www.europesays.com\/pt\/wp-json\/wp\/v2\/media\/10743"}],"wp:attachment":[{"href":"https:\/\/www.europesays.com\/pt\/wp-json\/wp\/v2\/media?parent=10742"}],"wp:term":[{"taxonomy":"category","embeddable":true,"href":"https:\/\/www.europesays.com\/pt\/wp-json\/wp\/v2\/categories?post=10742"},{"taxonomy":"post_tag","embeddable":true,"href":"https:\/\/www.europesays.com\/pt\/wp-json\/wp\/v2\/tags?post=10742"}],"curies":[{"name":"wp","href":"https:\/\/api.w.org\/{rel}","templated":true}]}}