{"id":107421,"date":"2025-10-12T09:06:28","date_gmt":"2025-10-12T09:06:28","guid":{"rendered":"https:\/\/www.europesays.com\/pt\/107421\/"},"modified":"2025-10-12T09:06:28","modified_gmt":"2025-10-12T09:06:28","slug":"escritora-sophia-trindade-lanca-primeiro-livro-nao-tao-secreto-assim-em-feira-de-santana","status":"publish","type":"post","link":"https:\/\/www.europesays.com\/pt\/107421\/","title":{"rendered":"Escritora Sophia Trindade lan\u00e7a primeiro livro \u201cN\u00e3o T\u00e3o Secreto Assim\u201d em Feira de Santana"},"content":{"rendered":"<p style=\"text-align: justify;\" data-start=\"207\" data-end=\"618\">A jovem escritora <strong data-start=\"225\" data-end=\"244\">Sophia Trindade<\/strong> lan\u00e7a seu primeiro livro, <strong data-start=\"271\" data-end=\"298\">\u201cN\u00e3o T\u00e3o Secreto Assim\u201d<\/strong>, dia 22 de outubro de 2025, \u00e0s 15 horas, na <strong data-start=\"345\" data-end=\"437\">Biblioteca do Centro de Ci\u00eancia e Tecnologia em Energia e Sustentabilidade (CETENS\/UFRB)<\/strong>, em Feira de Santana. A obra marca a estreia liter\u00e1ria da autora de <strong data-start=\"506\" data-end=\"517\">18 anos<\/strong>, reunindo refer\u00eancias musicais e cinematogr\u00e1ficas que influenciaram sua trajet\u00f3ria como escritora.<\/p>\n<p>Primeira obra e processo criativo<\/p>\n<p style=\"text-align: justify;\" data-start=\"660\" data-end=\"1020\">Desde a inf\u00e2ncia, <strong data-start=\"678\" data-end=\"737\">Sophia demonstrou interesse pela leitura e pela escrita<\/strong>, desenvolvendo uma afinidade com a arte que culminou na publica\u00e7\u00e3o de seu primeiro livro. A obra traz <strong data-start=\"840\" data-end=\"884\">ilustra\u00e7\u00f5es do artista feirense Don Guto<\/strong> e apresenta uma <strong data-start=\"901\" data-end=\"952\">playlist com m\u00fasicas que acompanham a narrativa<\/strong>, integrando elementos sonoros e visuais \u00e0 experi\u00eancia de leitura.<\/p>\n<p style=\"text-align: justify;\" data-start=\"1022\" data-end=\"1266\">Segundo a autora, o projeto representa a materializa\u00e7\u00e3o de anos de estudo, observa\u00e7\u00e3o e cria\u00e7\u00e3o.<\/p>\n<blockquote>\n<p style=\"text-align: left;\" data-start=\"1022\" data-end=\"1266\">\u201cSempre quis escrever algo que unisse minhas refer\u00eancias, a m\u00fasica, o cinema e as emo\u00e7\u00f5es humanas. Esse livro \u00e9 um pouco de tudo isso\u201d, declarou.<\/p>\n<\/blockquote>\n<p>Enredo e temas abordados<\/p>\n<p style=\"text-align: justify;\" data-start=\"1299\" data-end=\"1691\">Em <strong data-start=\"1302\" data-end=\"1329\">\u201cN\u00e3o T\u00e3o Secreto Assim\u201d<\/strong>, Sophia apresenta a hist\u00f3ria de <strong data-start=\"1362\" data-end=\"1373\">Nicolas<\/strong>, um homem que vive o dilema da <strong data-start=\"1405\" data-end=\"1421\">imortalidade<\/strong>. Ao longo dos anos, ele conquista <strong data-start=\"1456\" data-end=\"1509\">estabilidade financeira, conhecimento e sabedoria<\/strong>, mas continua em busca de algo essencial: <strong data-start=\"1552\" data-end=\"1583\">a companhia de outra pessoa<\/strong>. A narrativa reflete sobre o <strong data-start=\"1613\" data-end=\"1655\">tempo, a solid\u00e3o e os v\u00ednculos humanos<\/strong>, temas que permeiam toda a trama.<\/p>\n<p style=\"text-align: justify;\" data-start=\"1693\" data-end=\"1921\">A <strong data-start=\"1695\" data-end=\"1716\">produ\u00e7\u00e3o do livro<\/strong> foi conduzida por <strong data-start=\"1735\" data-end=\"1752\">Kareen Mendes<\/strong>, m\u00e3e da autora, cantora e compositora, enquanto a <strong data-start=\"1803\" data-end=\"1813\">orelha<\/strong> da publica\u00e7\u00e3o foi escrita pelo <strong data-start=\"1845\" data-end=\"1898\">radiojornalista e produtor cultural Elsimar Pond\u00e9<\/strong>, padrinho de Sophia.<\/p>\n<p>Lan\u00e7amento e homenagem<\/p>\n<p style=\"text-align: justify;\" data-start=\"1952\" data-end=\"2275\">O <strong data-start=\"1954\" data-end=\"1976\">lan\u00e7amento oficial<\/strong> da obra ocorre em uma data de <strong data-start=\"2007\" data-end=\"2036\">forte significado pessoal<\/strong>. A escolha do dia <strong data-start=\"2055\" data-end=\"2071\">(22\/10\/2025)<\/strong> foi feita em homenagem \u00e0 prima da autora, <strong data-start=\"2114\" data-end=\"2133\">Rebeca Trindade<\/strong>, que morreu em <strong data-start=\"2149\" data-end=\"2174\">22 de outubro de 2012<\/strong>, v\u00edtima da <strong data-start=\"2186\" data-end=\"2198\">Covid-19<\/strong>. A lembran\u00e7a marca o evento com uma dimens\u00e3o simb\u00f3lica de afeto e mem\u00f3ria.<\/p>\n<p style=\"text-align: justify;\" data-start=\"2277\" data-end=\"2604\">O projeto foi <strong data-start=\"2291\" data-end=\"2352\">contemplado pela Prefeitura Municipal de Feira de Santana<\/strong>, por meio da <strong data-start=\"2366\" data-end=\"2418\">Secretaria Municipal de Cultura, Esporte e Lazer<\/strong>, em parceria com a <strong data-start=\"2438\" data-end=\"2478\">PNAB \u2013 Pol\u00edtica Nacional Aldir Blanc<\/strong>, <strong data-start=\"2480\" data-end=\"2505\">Minist\u00e9rio da Cultura<\/strong> e <strong data-start=\"2508\" data-end=\"2527\">Governo Federal<\/strong>, fortalecendo a difus\u00e3o de <strong data-start=\"2555\" data-end=\"2601\">novos talentos da literatura contempor\u00e2nea<\/strong>.<\/p>\n<p>Like this:<\/p>\n<p>Like Loading&#8230;<\/p>\n<p><a class=\"sd-link-color\"\/><\/p>\n<p>\n\tRelacionado\n<\/p>\n<p>\tDiscover more from Jornal Grande Bahia (JGB)<\/p>\n<p class=\"has-text-align-center\" style=\"margin-top:10px;margin-bottom:10px;font-size:15px\">Subscribe to get the latest posts sent to your email.<\/p>\n","protected":false},"excerpt":{"rendered":"A jovem escritora Sophia Trindade lan\u00e7a seu primeiro livro, \u201cN\u00e3o T\u00e3o Secreto Assim\u201d, dia 22 de outubro de&hellip;\n","protected":false},"author":2,"featured_media":107422,"comment_status":"","ping_status":"","sticky":false,"template":"","format":"standard","meta":{"footnotes":""},"categories":[143],"tags":[169,10421,114,115,170,32,33,25722],"class_list":{"0":"post-107421","1":"post","2":"type-post","3":"status-publish","4":"format-standard","5":"has-post-thumbnail","7":"category-livros","8":"tag-books","9":"tag-cultura-literatura","10":"tag-entertainment","11":"tag-entretenimento","12":"tag-livros","13":"tag-portugal","14":"tag-pt","15":"tag-universidade-estadual-de-feira-de-santana-uefs"},"share_on_mastodon":{"url":"","error":""},"_links":{"self":[{"href":"https:\/\/www.europesays.com\/pt\/wp-json\/wp\/v2\/posts\/107421","targetHints":{"allow":["GET"]}}],"collection":[{"href":"https:\/\/www.europesays.com\/pt\/wp-json\/wp\/v2\/posts"}],"about":[{"href":"https:\/\/www.europesays.com\/pt\/wp-json\/wp\/v2\/types\/post"}],"author":[{"embeddable":true,"href":"https:\/\/www.europesays.com\/pt\/wp-json\/wp\/v2\/users\/2"}],"replies":[{"embeddable":true,"href":"https:\/\/www.europesays.com\/pt\/wp-json\/wp\/v2\/comments?post=107421"}],"version-history":[{"count":0,"href":"https:\/\/www.europesays.com\/pt\/wp-json\/wp\/v2\/posts\/107421\/revisions"}],"wp:featuredmedia":[{"embeddable":true,"href":"https:\/\/www.europesays.com\/pt\/wp-json\/wp\/v2\/media\/107422"}],"wp:attachment":[{"href":"https:\/\/www.europesays.com\/pt\/wp-json\/wp\/v2\/media?parent=107421"}],"wp:term":[{"taxonomy":"category","embeddable":true,"href":"https:\/\/www.europesays.com\/pt\/wp-json\/wp\/v2\/categories?post=107421"},{"taxonomy":"post_tag","embeddable":true,"href":"https:\/\/www.europesays.com\/pt\/wp-json\/wp\/v2\/tags?post=107421"}],"curies":[{"name":"wp","href":"https:\/\/api.w.org\/{rel}","templated":true}]}}