{"id":107425,"date":"2025-10-12T09:11:12","date_gmt":"2025-10-12T09:11:12","guid":{"rendered":"https:\/\/www.europesays.com\/pt\/107425\/"},"modified":"2025-10-12T09:11:12","modified_gmt":"2025-10-12T09:11:12","slug":"fisioterapia-na-menopausa-ainda-ha-um-longo-caminho-a-percorrer","status":"publish","type":"post","link":"https:\/\/www.europesays.com\/pt\/107425\/","title":{"rendered":"Fisioterapia na menopausa? &#8220;Ainda h\u00e1 um longo caminho a percorrer&#8221;"},"content":{"rendered":"<p>Falar e menopausa \u00e9 trazer \u00e0 luz novos desafios de bem-estar que deixam, n\u00e3o raras vezes, marcas na sa\u00fade articular e \u00f3sseo das mulheres. De entre as patologias mais comuns, a fisioterapeuta Cl\u00e1udia Silvestre enumera &#8220;a osteoporose (perda de densidade \u00f3ssea), osteopenia, artralgias (dores articulares), e aumento do risco de fraturas, especialmente na coluna, anca e punho&#8221;. Mas h\u00e1 outras que tamb\u00e9m emergem nesta altura da vida e que, apesar de menos comuns, tocam num eventual &#8220;agravamento dos sintomas dolorosos na artrite reumatoide, capsulite adesiva (ombro congelado), e tendinopatias&#8221;. Altera\u00e7\u00f5es que, como explica Silvestre, &#8220;ocorrem principalmente devido \u00e0 diminui\u00e7\u00e3o dos estrog\u00e9nios, que afeta o metabolismo \u00f3sseo e a altera\u00e7\u00e3o do tecido conjuntivo&#8221; e que devem merecer acompanhamento.<\/p>\n<p data-remotead-prev-elm=\"true\" data-remotead-elm-id=\"inread\">Mas estar\u00e3o os sistemas de sa\u00fade preparados para acomodarem estas necessidades de tratamento das mulheres? &#8220;Ainda h\u00e1 um longo caminho a percorrer&#8221;, refere a especialista. &#8220;A fisioterapia ainda n\u00e3o \u00e9 suficientemente divulgada nos cuidados \u00e0 mulher na menopausa, em Portugal. Muitas vezes, s\u00f3 \u00e9 referenciada ap\u00f3s o aparecimento de sintomas graves ou por iniciativa pr\u00f3pria&#8221;, informa Cl\u00e1udia Silvestre, pedindo mais divulga\u00e7\u00e3o e integra\u00e7\u00e3o &#8220;de fisioterapeutas nas equipas multidisciplinares dedicadas \u00e0 sa\u00fade da mulher para garantir uma abordagem mais completa e eficaz&#8221;. <\/p>\n<p><img decoding=\"async\" class=\"ngx-body\" guid=\"5c4177d8-c7a8-41c7-b2d8-81e5716c44c7\" src=\"https:\/\/www.europesays.com\/pt\/wp-content\/uploads\/2025\/10\/1760260272_952_image.jpg\" width=\"100%\"\/>Fisioterapeuta Cl\u00e1udia Silvestre<\/p>\n<p>&#8220;A divulga\u00e7\u00e3o por parte do SNS da pertin\u00eancia da interven\u00e7\u00e3o da Fisioterapia nesta \u00e1rea, seria um passo importante. Assim como \u00e9 essencial investir na sensibiliza\u00e7\u00e3o sobre exerc\u00edcio f\u00edsico adequado de modo a incentivar as mulheres a adotarem h\u00e1bitos que promovam a sua sa\u00fade e bem-estar durante a menopausa&#8221;, alerta a tamb\u00e9m terapeuta ocupacional na Cl\u00ednica M\u00e9dis.<\/p>\n<p>&#8220;Ombro congelado&#8221; pode levar at\u00e9 dois anos a tratar<\/p>\n<p data-remotead-prev-elm=\"true\" data-remotead-elm-id=\"centro2\">\u00c9 um dos sintomas da menopausa, mas menos frequente e, por isso, tamb\u00e9m menos falado, mas nem por isso menos incapacitante. A fisioterapeuta Cl\u00e1udia Silvestre fala do designado &#8220;ombro congelado&#8221; como &#8220;uma condi\u00e7\u00e3o cr\u00f3nica, dolorosa com limita\u00e7\u00e3o articular e rigidez do ombro tanto nos movimentos ativos como passivos&#8221;, registando uma &#8220;preval\u00eancia de 2 -5% na popula\u00e7\u00e3o, sendo maior nas mulheres na faixa dos 50-60 anos&#8221;. &#8220;O ombro congelado \u00e9 mais frequente em mulheres, podendo estar associado a menopausa devido as altera\u00e7\u00f5es hormonais, especialmente a diminui\u00e7\u00e3o dos n\u00edveis de estrog\u00e9nio. Este tem um papel protetor nas articula\u00e7\u00f5es e tecidos conjuntivos. A sua redu\u00e7\u00e3o pode levar a uma maior rigidez e inflama\u00e7\u00e3o dos tecidos, tornando as mulheres mais suscet\u00edveis a problemas articulares. Al\u00e9m disso, fatores metab\u00f3licos, como diabetes, que tamb\u00e9m aumentam na menopausa, podem contribuir para o desenvolvimento desta condi\u00e7\u00e3o&#8221;, detalha.<\/p>\n<p>O tratamento por fisioterapia \u00e9, vinca a especialista, &#8220;essencial para al\u00edvio da dor a manuten\u00e7\u00e3o da mobilidade&#8221;, adiantando tratar-se de um &#8220;processo de recupera\u00e7\u00e3o prolongado, podendo ser de v\u00e1rios meses e, em alguns casos, durar at\u00e9 dois anos at\u00e9 que a mobilidade e a fun\u00e7\u00e3o do ombro sejam totalmente restabelecidas&#8221;. Cl\u00e1udia Silvestre alerta que se o &#8220;ombro congelado n\u00e3o for tratado adequadamente, em alguns casos, pode deixar alguma limita\u00e7\u00e3o residual&#8221;.<\/p>\n","protected":false},"excerpt":{"rendered":"Falar e menopausa \u00e9 trazer \u00e0 luz novos desafios de bem-estar que deixam, n\u00e3o raras vezes, marcas na&hellip;\n","protected":false},"author":2,"featured_media":107426,"comment_status":"","ping_status":"","sticky":false,"template":"","format":"standard","meta":{"footnotes":""},"categories":[86],"tags":[20491,9657,116,4560,2623,25723,32,33,117],"class_list":{"0":"post-107425","1":"post","2":"type-post","3":"status-publish","4":"format-standard","5":"has-post-thumbnail","7":"category-saude","8":"tag-delas","9":"tag-fisioterapia","10":"tag-health","11":"tag-menopausa","12":"tag-mulheres","13":"tag-ombro-congelado","14":"tag-portugal","15":"tag-pt","16":"tag-saude"},"share_on_mastodon":{"url":"","error":""},"_links":{"self":[{"href":"https:\/\/www.europesays.com\/pt\/wp-json\/wp\/v2\/posts\/107425","targetHints":{"allow":["GET"]}}],"collection":[{"href":"https:\/\/www.europesays.com\/pt\/wp-json\/wp\/v2\/posts"}],"about":[{"href":"https:\/\/www.europesays.com\/pt\/wp-json\/wp\/v2\/types\/post"}],"author":[{"embeddable":true,"href":"https:\/\/www.europesays.com\/pt\/wp-json\/wp\/v2\/users\/2"}],"replies":[{"embeddable":true,"href":"https:\/\/www.europesays.com\/pt\/wp-json\/wp\/v2\/comments?post=107425"}],"version-history":[{"count":0,"href":"https:\/\/www.europesays.com\/pt\/wp-json\/wp\/v2\/posts\/107425\/revisions"}],"wp:featuredmedia":[{"embeddable":true,"href":"https:\/\/www.europesays.com\/pt\/wp-json\/wp\/v2\/media\/107426"}],"wp:attachment":[{"href":"https:\/\/www.europesays.com\/pt\/wp-json\/wp\/v2\/media?parent=107425"}],"wp:term":[{"taxonomy":"category","embeddable":true,"href":"https:\/\/www.europesays.com\/pt\/wp-json\/wp\/v2\/categories?post=107425"},{"taxonomy":"post_tag","embeddable":true,"href":"https:\/\/www.europesays.com\/pt\/wp-json\/wp\/v2\/tags?post=107425"}],"curies":[{"name":"wp","href":"https:\/\/api.w.org\/{rel}","templated":true}]}}