{"id":107443,"date":"2025-10-12T09:31:27","date_gmt":"2025-10-12T09:31:27","guid":{"rendered":"https:\/\/www.europesays.com\/pt\/107443\/"},"modified":"2025-10-12T09:31:27","modified_gmt":"2025-10-12T09:31:27","slug":"os-duelos-tem-de-ser-nos-limites-e-o-benfica-ganhou-muito-mais-duelos-individuais","status":"publish","type":"post","link":"https:\/\/www.europesays.com\/pt\/107443\/","title":{"rendered":"\u00abOs duelos t\u00eam de ser nos limites e o Benfica ganhou muito mais duelos individuais\u00bb"},"content":{"rendered":"<p>&#8211; Advertisement &#8211;<\/p>\n<p><strong>Nuno Dias fez a an\u00e1lise \u00e0 derrota do Sporting diante do Benfica. Encontro da jornada 4 da Primeira Liga de Futsal.<\/strong><\/p>\n<p>Nuno Dias fez o rescaldo da <a href=\"https:\/\/bolanarede.pt\/especial-bola-na-rede\/atualidade\/benfica-vinga-derrota-na-supertaca-e-vence-sporting-na-jornada-4-da-primeira-liga-de-futsal\/\" target=\"_blank\" rel=\"noreferrer noopener nofollow\">derrota do Sporting perante o Benfica no Pavilh\u00e3o da Luz<\/a>, no encontro referente \u00e0 jornada 4 da Primeira Liga de Futsal. O treinador dos le\u00f5es come\u00e7ou por dizer o seguinte:<\/p>\n<p>\u00abParab\u00e9ns ao SL Benfica, que foi melhor mais vezes e mais tempo. A vit\u00f3ria do Benfica \u00e9 justa. Sofremos mais golos na segunda parte, mas acabou por ser melhor do que a primeira. Neste tipo de jogos, os duelos t\u00eam de ser nos limites e o SL Benfica ganhou muito mais duelos individuais. Ganhar um ressalto n\u00e3o tem a ver com t\u00e9cnica, tem a ver com atitude e postura. Temos dividir cada lance como se fosse o \u00faltimo. Esse aspecto n\u00e3o me agradou. Pod\u00edamos ter estado melhor\u00bb, come\u00e7ou por dizer.<\/p>\n<p>Nuno Dias destacou a pouca press\u00e3o feita pelos jogadores do Sporting sobretudo na primeira parte:<\/p>\n<p>\u00abO problema n\u00e3o foi quando t\u00ednhamos a bola, mas sim quando n\u00e3o a t\u00ednhamos e fomos pouco pressionantes. Permitimos que o SL Benfica jogasse mais \u00e0 vontade na primeira parte, na segunda quisemos roubar bolas mais perto da baliza. Ainda assim, tivemos tr\u00eas bolas nos ferros e pod\u00edamos ter feito mais mesmo apesar de n\u00e3o termos sido t\u00e3o fortes como costumamos ser. O jogo \u00e9 assim e o SL Benfica aproveitou e foi melhor, mais forte nos duelos, mais r\u00e1pido e intenso nas bolas divididas\u00bb.<\/p>\n","protected":false},"excerpt":{"rendered":"&#8211; Advertisement &#8211; Nuno Dias fez a an\u00e1lise \u00e0 derrota do Sporting diante do Benfica. Encontro da jornada&hellip;\n","protected":false},"author":2,"featured_media":107444,"comment_status":"","ping_status":"","sticky":false,"template":"","format":"standard","meta":{"footnotes":""},"categories":[8],"tags":[260,2420,27,28,15,16,14,25,26,21,22,12,13,19,20,9802,32,23,24,33,16596,17,18,29,30,31],"class_list":{"0":"post-107443","1":"post","2":"type-post","3":"status-publish","4":"format-standard","5":"has-post-thumbnail","7":"category-principais-noticias","8":"tag-atualidade","9":"tag-benfica-futsal","10":"tag-breaking-news","11":"tag-breakingnews","12":"tag-featured-news","13":"tag-featurednews","14":"tag-headlines","15":"tag-latest-news","16":"tag-latestnews","17":"tag-main-news","18":"tag-mainnews","19":"tag-news","20":"tag-noticias","21":"tag-noticias-principais","22":"tag-noticiasprincipais","23":"tag-nuno-dias","24":"tag-portugal","25":"tag-principais-noticias","26":"tag-principaisnoticias","27":"tag-pt","28":"tag-sporting-futsal","29":"tag-top-stories","30":"tag-topstories","31":"tag-ultimas","32":"tag-ultimas-noticias","33":"tag-ultimasnoticias"},"share_on_mastodon":{"url":"","error":""},"_links":{"self":[{"href":"https:\/\/www.europesays.com\/pt\/wp-json\/wp\/v2\/posts\/107443","targetHints":{"allow":["GET"]}}],"collection":[{"href":"https:\/\/www.europesays.com\/pt\/wp-json\/wp\/v2\/posts"}],"about":[{"href":"https:\/\/www.europesays.com\/pt\/wp-json\/wp\/v2\/types\/post"}],"author":[{"embeddable":true,"href":"https:\/\/www.europesays.com\/pt\/wp-json\/wp\/v2\/users\/2"}],"replies":[{"embeddable":true,"href":"https:\/\/www.europesays.com\/pt\/wp-json\/wp\/v2\/comments?post=107443"}],"version-history":[{"count":0,"href":"https:\/\/www.europesays.com\/pt\/wp-json\/wp\/v2\/posts\/107443\/revisions"}],"wp:featuredmedia":[{"embeddable":true,"href":"https:\/\/www.europesays.com\/pt\/wp-json\/wp\/v2\/media\/107444"}],"wp:attachment":[{"href":"https:\/\/www.europesays.com\/pt\/wp-json\/wp\/v2\/media?parent=107443"}],"wp:term":[{"taxonomy":"category","embeddable":true,"href":"https:\/\/www.europesays.com\/pt\/wp-json\/wp\/v2\/categories?post=107443"},{"taxonomy":"post_tag","embeddable":true,"href":"https:\/\/www.europesays.com\/pt\/wp-json\/wp\/v2\/tags?post=107443"}],"curies":[{"name":"wp","href":"https:\/\/api.w.org\/{rel}","templated":true}]}}