{"id":107447,"date":"2025-10-12T09:34:10","date_gmt":"2025-10-12T09:34:10","guid":{"rendered":"https:\/\/www.europesays.com\/pt\/107447\/"},"modified":"2025-10-12T09:34:10","modified_gmt":"2025-10-12T09:34:10","slug":"giovana-madalosso-em-fuga-do-coracao-selvagem-observador","status":"publish","type":"post","link":"https:\/\/www.europesays.com\/pt\/107447\/","title":{"rendered":"Giovana Madalosso em fuga do cora\u00e7\u00e3o selvagem \u2013 Observador"},"content":{"rendered":"<p>No quarto romance (terceiro publicado em Portugal, sempre pela Tinta-da-China), a brasileira Giovana Madalosso, inspirada pelos problemas card\u00edacos que a filha enfrentou, conta a hist\u00f3ria de Maria Jo\u00e3o, uma jornalista que cai inanimada durante uma tentativa de viola\u00e7\u00e3o e descobre ter uma arritmia, vendo-se a partir desse momento obrigada a procurar uma vida privada de emo\u00e7\u00f5es fortes at\u00e9 que o problema esteja resolvido ou, pelo menos, corretamente diagnosticado e medicado.<\/p>\n<p>Maria Jo\u00e3o procurar\u00e1 assim abrigar-se do mundo feroz, voltando \u00e0 aldeia pacata onde crescera e onde reencontrar\u00e1 Sara, uma amiga de inf\u00e2ncia cujo filho, Nico, tem um linfoma.<\/p>\n<p>A necessidade de calma e serenidade imposta por um cora\u00e7\u00e3o defeituoso \u00e9, em certa medida, o n\u00facleo da hist\u00f3ria, merecendo por isso ser analisada de um ponto de vista narrativo. Ap\u00f3s o epis\u00f3dio traum\u00e1tico em que se descobre card\u00edaca (quer no sentido cl\u00ednico quer no sentido etimol\u00f3gico de provida de um cora\u00e7\u00e3o, visto que at\u00e9 a\u00ed o cora\u00e7\u00e3o da protagonista s\u00f3 lhe merecera considera\u00e7\u00f5es rom\u00e2ntico-po\u00e9ticas, como acontece com todos n\u00f3s, pessoas saud\u00e1veis), Maria Jo\u00e3o compreender\u00e1 a impossibilidade de decretarmos o abrandamento da vida, uma vez que a vida n\u00e3o \u00e9 estanc\u00e1vel. N\u00e3o \u00e9 poss\u00edvel, como tantas vezes Maria Jo\u00e3o tenta fazer, envolver o mundo em pl\u00e1stico-bolha para que este n\u00e3o nos fira e n\u00e3o se parta. Por mais que nos escondamos, n\u00e3o podemos antecipar nem condicionar o impacto emocional das experi\u00eancias que o dia nos reserva, tal como n\u00e3o podemos compartimentar as experi\u00eancias em blocos estanques, como Maria Jo\u00e3o t\u00e3o bem nos explica:<\/p>\n<blockquote>\n<p>Eu n\u00e3o era uma ajudante de m\u00e1gico que pode se deitar num caixote e ser serrada em fragmentos (\u2026) Os meus olhos e ouvidos est\u00e3o ligados \u00e0 minha mente que est\u00e1 ligada ao meu cora\u00e7\u00e3o que est\u00e1 ligado a essa coisa que n\u00e3o sei qual \u00e9 que detona as emo\u00e7\u00f5es\u201d (p. 32).<\/p>\n<\/blockquote>\n<p>No entanto, se a arritmia serve como mecanismo liter\u00e1rio no sentido em que torna estranho o que tom\u00e1vamos por garantido, \u00e9-o tamb\u00e9m na medida em que o distanciamento em rela\u00e7\u00e3o ao mundo, ao erguer uma parede entre Maria Jo\u00e3o e os outros (e, ali\u00e1s, entre ela e a pr\u00f3pria fam\u00edlia) concede-lhe, enfim, um olhar novo, desprovido da linguagem comum que nos cega em rela\u00e7\u00e3o ao milagre. Ali\u00e1s, deste ponto de vista, n\u00e3o ser\u00e1 decerto coincid\u00eancia que a arritmia aproxime Maria Jo\u00e3o precisamente da literatura, visto ser esta a \u00fanica manifesta\u00e7\u00e3o art\u00edstica que provoca nela, bem como na maioria de n\u00f3s, uma como\u00e7\u00e3o moderada e racionalizada, ao contr\u00e1rio, por exemplo, da m\u00fasica e do cinema, que geram, nas palavras da protagonista, um \u201csofrer gostoso\u201d. Nesse sentido, n\u00e3o ser\u00e1 tamb\u00e9m uma coincid\u00eancia vermos Nico a explicar que o seu interesse pela literatura nasce, l\u00e1 est\u00e1, de uma exclus\u00e3o, por sua vez gerada pela doen\u00e7a:<\/p>\n<blockquote>\n<p>S\u00f3 sei isso porque leio muito, ele falou. E depois, baixando os olhos: E s\u00f3 leio muito porque ningu\u00e9m quer brincar comigo\u201d (p.141).<\/p>\n<\/blockquote>\n<p>        <img src=\"https:\/\/www.europesays.com\/pt\/wp-content\/uploads\/2025\/10\/giovana-madalosso-batida-so-capa.webp.jpeg\" alt=\"\" loading=\"lazy\" decoding=\"async\" class=\"alignnone\" onload=\"this.parentElement.classList.remove('spinner')\" onerror=\"this.parentElement.classList.remove('spinner')\" width=\"478\" height=\"667\"\/>    <\/p>\n<p><strong>T\u00edtulo:<\/strong> \u201cBatida S\u00f3\u201d<br \/><strong>Autor:<\/strong> Giovana Madalosso<br \/><strong>Editora:<\/strong> Tinta-da-China<br \/><strong>P\u00e1ginas:<\/strong> 240<\/p>\n<p>Contudo, se Giovana Madalosso trata com mestria o n\u00facleo da hist\u00f3ria, a coisa n\u00e3o muda de figura quando prestamos aten\u00e7\u00e3o \u00e0s suas periferias, cujos habitantes s\u00e3o invariavelmente descritos com enorme min\u00facia e destreza, parecendo sempre que tudo deriva de um qualquer impulso original: o ex-namorado ciumento (cujo ci\u00fame, como Maria Jo\u00e3o bem explica, deriva do seu privil\u00e9gio) que queria ser Hamlet e que acaba como protagonista de an\u00fancios de uma companhia telef\u00f3nica, a repetir grotescamente o mon\u00f3logo mais desejado \u2014 ser ou n\u00e3o ser cliente Max, eis a quest\u00e3o; o interesse de Maria Jo\u00e3o pelo jornalismo, incitado por uma m\u00e3e mit\u00f3mana e pela necessidade de encontrar um porto seguro onde se abrigar das fake news dom\u00e9sticas; o filho do vocalista de uma banda de tributo aos Bon Jovi do interior do Brasil que foi abandonado pelo pai e quer agora ser cantor l\u00edrico.<\/p>\n<p>Al\u00e9m de tudo isto, a doen\u00e7a traz consigo \u2014 e ser\u00e1 esse o aspeto mais interessante do livro \u2014 simultaneamente uma compreens\u00e3o da fragilidade da protagonista, um questionamento da sua f\u00e9, uma consci\u00eancia da insufici\u00eancia da posi\u00e7\u00e3o que ocupa e, sobretudo, uma descoberta do amor \u00e0 vida que Maria Jo\u00e3o traz dentro de si, amor esse que \u00e9 irracional e indom\u00e1vel, que n\u00e3o depende de uma avalia\u00e7\u00e3o fria das eventuais virtudes pessoais e profissionais de Maria Jo\u00e3o, mas antes de algo, por assim, dizer, pr\u00e9vio e superior a tudo isso (\u201cS\u00f3 olhei para o alto, pensando que dentro de mim tamb\u00e9m havia uma gal\u00e1xia da qual eu conhecia apenas uma min\u00fascula parte\u201d). E \u00e9 \u00f3timo que assim seja, uma vez que a literatura n\u00e3o serve, ou pelo menos n\u00e3o deveria servir, para validar as nossas perspetivas em rela\u00e7\u00e3o ao mundo mas sim precisamente para o contr\u00e1rio: para as instabilizar, questionar e colocar em evidente contradi\u00e7\u00e3o, tornando-as, no fundo, incompreens\u00edveis.<\/p>\n<p>Por fim, como qualquer excelente romance, todas estas virtudes de Batida S\u00f3 assentam e dependem tanto da robustez das personagens (e Nico e Sara s\u00e3o personagens espantosas) como do virtuosismo liter\u00e1rio de Giovana Madalosso, que se torna sobretudo evidente quando a escritora escreve acerca de sexo, o tema que qualquer leitor minimamente experimentado saber\u00e1 ser um desafio tremendo, perante o qual j\u00e1 tantos extraordin\u00e1rios escritores colapsaram tremendamente. Ora, Madalosso, talvez por ser herdeira de uma tradi\u00e7\u00e3o liter\u00e1ria brasileira nesse aspeto bem mais admir\u00e1vel do que a portuguesa, escreve sobre tudo isso com uma leveza que n\u00e3o deixa de espantar. Sen\u00e3o, vejamos a cena em que, nervosa perante o medo da morte, mas desesperada perante a puls\u00e3o da vida, Maria Jo\u00e3o decide fazer sexo com um homem pelo qual deliberadamente n\u00e3o se sente atra\u00edda:<\/p>\n<p>\u201cSentei em cima dele, querendo ficar no controlo, porque estava com medo de que o orgasmo escapasse como das outras vezes, de que cri\u00e1ssemos cabelos brancos e rugas antes de chegar ao fim. Al\u00e9m disso, queria ditar o ritmo, o mais lento poss\u00edvel (\u2026) Voc\u00ea n\u00e3o se mexe. Ele assentiu. Percebi que eu tamb\u00e9m n\u00e3o precisava de me mexer. Nunca imaginei que a gratid\u00e3o pudesse deixar uma mulher t\u00e3o molhada. Olhar para aquela m\u00e3o segurando o meu pulso, para aquela boca que se mordia para controlar o corpo est\u00e1tico, dispensou qualquer esfor\u00e7o vis\u00edvel. Quem nos olhasse de fora, pensaria que \u00e9ramos duas est\u00e1tuas \u2014 V\u00eanus cavalgando Davi com punho alado \u2014 mas dentro de mim acontecia tanto\u201d (p.120).<\/p>\n","protected":false},"excerpt":{"rendered":"No quarto romance (terceiro publicado em Portugal, sempre pela Tinta-da-China), a brasileira Giovana Madalosso, inspirada pelos problemas card\u00edacos&hellip;\n","protected":false},"author":2,"featured_media":107448,"comment_status":"","ping_status":"","sticky":false,"template":"","format":"standard","meta":{"footnotes":""},"categories":[143],"tags":[169,10392,315,114,115,864,170,32,33],"class_list":{"0":"post-107447","1":"post","2":"type-post","3":"status-publish","4":"format-standard","5":"has-post-thumbnail","7":"category-livros","8":"tag-books","9":"tag-cru00edtica-de-livros","10":"tag-cultura","11":"tag-entertainment","12":"tag-entretenimento","13":"tag-literatura","14":"tag-livros","15":"tag-portugal","16":"tag-pt"},"share_on_mastodon":{"url":"","error":""},"_links":{"self":[{"href":"https:\/\/www.europesays.com\/pt\/wp-json\/wp\/v2\/posts\/107447","targetHints":{"allow":["GET"]}}],"collection":[{"href":"https:\/\/www.europesays.com\/pt\/wp-json\/wp\/v2\/posts"}],"about":[{"href":"https:\/\/www.europesays.com\/pt\/wp-json\/wp\/v2\/types\/post"}],"author":[{"embeddable":true,"href":"https:\/\/www.europesays.com\/pt\/wp-json\/wp\/v2\/users\/2"}],"replies":[{"embeddable":true,"href":"https:\/\/www.europesays.com\/pt\/wp-json\/wp\/v2\/comments?post=107447"}],"version-history":[{"count":0,"href":"https:\/\/www.europesays.com\/pt\/wp-json\/wp\/v2\/posts\/107447\/revisions"}],"wp:featuredmedia":[{"embeddable":true,"href":"https:\/\/www.europesays.com\/pt\/wp-json\/wp\/v2\/media\/107448"}],"wp:attachment":[{"href":"https:\/\/www.europesays.com\/pt\/wp-json\/wp\/v2\/media?parent=107447"}],"wp:term":[{"taxonomy":"category","embeddable":true,"href":"https:\/\/www.europesays.com\/pt\/wp-json\/wp\/v2\/categories?post=107447"},{"taxonomy":"post_tag","embeddable":true,"href":"https:\/\/www.europesays.com\/pt\/wp-json\/wp\/v2\/tags?post=107447"}],"curies":[{"name":"wp","href":"https:\/\/api.w.org\/{rel}","templated":true}]}}