{"id":107457,"date":"2025-10-12T09:43:07","date_gmt":"2025-10-12T09:43:07","guid":{"rendered":"https:\/\/www.europesays.com\/pt\/107457\/"},"modified":"2025-10-12T09:43:07","modified_gmt":"2025-10-12T09:43:07","slug":"3-diplomatas-a-caminho-de-sharm-el-sheikh-morrem-em-acidente-de-carro","status":"publish","type":"post","link":"https:\/\/www.europesays.com\/pt\/107457\/","title":{"rendered":"3 diplomatas a caminho de Sharm el-Sheikh morrem em acidente de carro"},"content":{"rendered":"<p>Outros dois diplomatas ficaram feridos quando o ve\u00edculo em que viajavam capotou a cerca de 50 quil\u00f3metros de Sharm el-Sheikh, acrescentaram.<\/p>\n<p>Os diplomatas, que faziam parte da equipa de protocolo do Qatar, viajavam para a cidade antes de uma cimeira de alto n\u00edvel para celebrar o acordo de paz entre Israel e o Hamas, na Faixa de Gaza, disseram as autoridades.<\/p>\n<p>As fontes que falaram \u00e0 ag\u00eancia norte-americana Associated Press (AP) pediram para n\u00e3o ser identificadas j\u00e1 que n\u00e3o estavam autorizadas a dar informa\u00e7\u00f5es \u00e0 imprensa.<\/p>\n<p>O Qatar mediou o cessar-fogo entre Israel e o grupo islamita palestiniano juntamente com o Egito e os EUA, sendo que a Turquia tamb\u00e9m se juntou \u00e0s negocia\u00e7\u00f5es no in\u00edcio deste m\u00eas em Sharm el-Sheikh.<\/p>\n<p>A est\u00e2ncia tur\u00edstica vai acolher cimeira que ser\u00e1 copresidida pelo Presidente Abdel-Fattah el-Sissi, do Egito, e pelo hom\u00f3logo norte-americano, Donald Trump, de acordo com um comunicado da presid\u00eancia eg\u00edpcia.<\/p>\n<p>Mais de duas dezenas de l\u00edderes mundiais, incluindo o Presidente franc\u00eas, Emmanuel Macron, o primeiro-ministro espanhol, Pedro S\u00e1nchez, e o secret\u00e1rio-geral das Na\u00e7\u00f5es Unidas, Ant\u00f3nio Guterres, v\u00e3o estar presentes na cimeira, ainda de acordo com o comunicado.<\/p>\n<p>Leia Tamb\u00e9m: <a href=\"https:\/\/www.noticiasaominuto.com\/mundo\/2869059\/guterres-e-starmer-presentes-na-cimeira-de-sharm-el-sheikh\" target=\"_blank\" rel=\"noopener noreferrer nofollow\">Guterres e Starmer presentes na cimeira de Sharm el-Sheikh<\/a><\/p>\n","protected":false},"excerpt":{"rendered":"Outros dois diplomatas ficaram feridos quando o ve\u00edculo em que viajavam capotou a cerca de 50 quil\u00f3metros de&hellip;\n","protected":false},"author":2,"featured_media":107458,"comment_status":"","ping_status":"","sticky":false,"template":"","format":"standard","meta":{"footnotes":""},"categories":[50],"tags":[27,28,15,16,14,25,26,21,22,62,12,13,19,20,23,24,17,18,29,30,31,63,64,65],"class_list":{"0":"post-107457","1":"post","2":"type-post","3":"status-publish","4":"format-standard","5":"has-post-thumbnail","7":"category-mundo","8":"tag-breaking-news","9":"tag-breakingnews","10":"tag-featured-news","11":"tag-featurednews","12":"tag-headlines","13":"tag-latest-news","14":"tag-latestnews","15":"tag-main-news","16":"tag-mainnews","17":"tag-mundo","18":"tag-news","19":"tag-noticias","20":"tag-noticias-principais","21":"tag-noticiasprincipais","22":"tag-principais-noticias","23":"tag-principaisnoticias","24":"tag-top-stories","25":"tag-topstories","26":"tag-ultimas","27":"tag-ultimas-noticias","28":"tag-ultimasnoticias","29":"tag-world","30":"tag-world-news","31":"tag-worldnews"},"share_on_mastodon":{"url":"","error":""},"_links":{"self":[{"href":"https:\/\/www.europesays.com\/pt\/wp-json\/wp\/v2\/posts\/107457","targetHints":{"allow":["GET"]}}],"collection":[{"href":"https:\/\/www.europesays.com\/pt\/wp-json\/wp\/v2\/posts"}],"about":[{"href":"https:\/\/www.europesays.com\/pt\/wp-json\/wp\/v2\/types\/post"}],"author":[{"embeddable":true,"href":"https:\/\/www.europesays.com\/pt\/wp-json\/wp\/v2\/users\/2"}],"replies":[{"embeddable":true,"href":"https:\/\/www.europesays.com\/pt\/wp-json\/wp\/v2\/comments?post=107457"}],"version-history":[{"count":0,"href":"https:\/\/www.europesays.com\/pt\/wp-json\/wp\/v2\/posts\/107457\/revisions"}],"wp:featuredmedia":[{"embeddable":true,"href":"https:\/\/www.europesays.com\/pt\/wp-json\/wp\/v2\/media\/107458"}],"wp:attachment":[{"href":"https:\/\/www.europesays.com\/pt\/wp-json\/wp\/v2\/media?parent=107457"}],"wp:term":[{"taxonomy":"category","embeddable":true,"href":"https:\/\/www.europesays.com\/pt\/wp-json\/wp\/v2\/categories?post=107457"},{"taxonomy":"post_tag","embeddable":true,"href":"https:\/\/www.europesays.com\/pt\/wp-json\/wp\/v2\/tags?post=107457"}],"curies":[{"name":"wp","href":"https:\/\/api.w.org\/{rel}","templated":true}]}}