{"id":107469,"date":"2025-10-12T10:01:08","date_gmt":"2025-10-12T10:01:08","guid":{"rendered":"https:\/\/www.europesays.com\/pt\/107469\/"},"modified":"2025-10-12T10:01:08","modified_gmt":"2025-10-12T10:01:08","slug":"maira-cardi-atualiza-sobre-cirurgia-do-marido-em-meio-a-renovacao-de-votos","status":"publish","type":"post","link":"https:\/\/www.europesays.com\/pt\/107469\/","title":{"rendered":"Ma\u00edra Cardi atualiza sobre cirurgia do marido em meio a renova\u00e7\u00e3o de votos"},"content":{"rendered":"<p class=\"my-5 break-words group-[.isActiveSource]:text-xl\">A influenciadora <strong class=\"group-[.isActiveSource]:text-xl group-[.isActiveSource]:font-bold\">Ma\u00edra Cardi<\/strong>, 42, atualizou os f\u00e3s sobre a cirurgia do marido, <strong class=\"group-[.isActiveSource]:text-xl group-[.isActiveSource]:font-bold\">Thiago Nigro<\/strong>, 35, em meio \u00e0 renova\u00e7\u00e3o de votos do casal. Ela explicou que a opera\u00e7\u00e3o no joelho do empres\u00e1rio foi bem-sucedida e que ele ter\u00e1 que se recuperar durante dois meses.<\/p>\n<p class=\"my-5 break-words group-[.isActiveSource]:text-xl\">&#8220;Deu tudo certo, cirurgia um sucesso! Agora, dois meses de recupera\u00e7\u00e3o&#8221;, escreveu <a href=\"https:\/\/www.cnnbrasil.com.br\/entretenimento\/maira-cardi-revela-internacao-de-thiago-nigro-durante-renovacao-de-votos\/\" class=\"text-red-600 underline hover:text-red-500 font-medium break-words group-[.isActiveSource]:text-xl\" target=\"_self\" rel=\"nofollow noopener\">Ma\u00edra Cardi<\/a> ao compartilhar um v\u00eddeo no story do Instagram. Thiago Nigro torceu o joelho em meio \u00e0s celebra\u00e7\u00f5es da renova\u00e7\u00e3o.<\/p>\n<p class=\"my-5 break-words group-[.isActiveSource]:text-xl\">As comemora\u00e7\u00f5es come\u00e7aram na segunda-feira (6) e at\u00e9 ent\u00e3o, <strong class=\"group-[.isActiveSource]:text-xl group-[.isActiveSource]:font-bold\">duraram cinco dias.<\/strong> Devido ao ocorrido com o empres\u00e1rio, a programa\u00e7\u00e3o do evento precisou ser alterada.<\/p>\n<p class=\"my-5 break-words group-[.isActiveSource]:text-xl\">No dia em que ele foi internado, Ma\u00edra Cardi declarou: &#8220;Laudo do noivo: est\u00e1 todo enfaixado e ter\u00e1 que operar. Mas em nome de Jesus, eu creio em um Deus de milagres e vamos mudar esse quadro&#8221;.<\/p>\n<p class=\"my-5 break-words group-[.isActiveSource]:text-xl\">Thiago Nigro tamb\u00e9m compartilhou um v\u00eddeo no qual aparece no hospital, momentos ap\u00f3s sua cirurgia.<\/p>\n<p class=\"my-5 break-words group-[.isActiveSource]:text-xl\"><strong class=\"group-[.isActiveSource]:text-xl group-[.isActiveSource]:font-bold\">Confira:<\/strong><\/p>\n<blockquote class=\"instagram-media !mx-auto\" style=\"background:#FFF;border:0;border-radius:3px;box-shadow:0 0 1px 0 rgba(0,0,0,0.5),0 1px 10px 0 rgba(0,0,0,0.15);margin:1px;max-width:540px;min-width:326px;padding:0;width:calc(100% - 2px)\" data-instgrm-captioned=\"\" data-instgrm-permalink=\"https:\/\/www.instagram.com\/reel\/DPq7NAuDVrN\/?utm_source=ig_embed&amp;utm_campaign=loading\" data-instgrm-version=\"14\">\n<\/blockquote>\n<p class=\"my-5 break-words group-[.isActiveSource]:text-xl\">Anteriormente,\u00a0<a class=\"text-red-600 underline hover:text-red-500 font-medium break-words group-[.isActiveSource]:text-xl\" href=\"https:\/\/www.cnnbrasil.com.br\/entretenimento\/maira-cardi-cancela-festa-de-renovacao-de-votos-na-grecia-saiba-motivo\/\" target=\"_self\" rel=\"nofollow noopener\">Ma\u00edra Cardi j\u00e1 havia cancelado uma festa de renova\u00e7\u00e3o com o coach<\/a>, que aconteceria na Gr\u00e9cia.<\/p>\n<p class=\"my-5 break-words group-[.isActiveSource]:text-xl my-5 break-words group-[.isActiveSource]:text-xl my-5 break-words group-[.isActiveSource]:text-xl\">A ex-BBB espera uma menina com Tiago Nigro, sendo o primeiro filho do casal. Ma\u00edra Cardi ainda \u00e9 m\u00e3e do programador\u00a0<strong class=\"group-[.isActiveSource]:text-xl group-[.isActiveSource]:font-bold group-[.isActiveSource]:text-xl group-[.isActiveSource]:font-bold group-[.isActiveSource]:text-xl group-[.isActiveSource]:font-bold group-[.isActiveSource]:text-xl group-[.isActiveSource]:font-bold group-[.isActiveSource]:text-xl group-[.isActiveSource]:font-bold group-[.isActiveSource]:text-xl group-[.isActiveSource]:font-bold group-[.isActiveSource]:text-xl group-[.isActiveSource]:font-bold\">Lucas Cardi<\/strong>, 24, e\u00a0<strong class=\"group-[.isActiveSource]:text-xl group-[.isActiveSource]:font-bold group-[.isActiveSource]:text-xl group-[.isActiveSource]:font-bold group-[.isActiveSource]:text-xl group-[.isActiveSource]:font-bold group-[.isActiveSource]:text-xl group-[.isActiveSource]:font-bold group-[.isActiveSource]:text-xl group-[.isActiveSource]:font-bold group-[.isActiveSource]:text-xl group-[.isActiveSource]:font-bold group-[.isActiveSource]:text-xl group-[.isActiveSource]:font-bold\">Sophia<\/strong>, 6, fruto do seu relacionamento com o ator\u00a0<strong class=\"group-[.isActiveSource]:text-xl group-[.isActiveSource]:font-bold group-[.isActiveSource]:text-xl group-[.isActiveSource]:font-bold group-[.isActiveSource]:text-xl group-[.isActiveSource]:font-bold group-[.isActiveSource]:text-xl group-[.isActiveSource]:font-bold group-[.isActiveSource]:text-xl group-[.isActiveSource]:font-bold group-[.isActiveSource]:text-xl group-[.isActiveSource]:font-bold group-[.isActiveSource]:text-xl group-[.isActiveSource]:font-bold\">Arthur Aguiar<\/strong>, 36.<\/p>\n<p class=\"my-5 break-words group-[.isActiveSource]:text-xl my-5 break-words group-[.isActiveSource]:text-xl my-5 break-words group-[.isActiveSource]:text-xl\">Em janeiro deste ano, Ma\u00edra\u00a0<a class=\"text-red-600 underline hover:text-red-500 font-medium break-words group-[.isActiveSource]:text-xl\" href=\"https:\/\/www.cnnbrasil.com.br\/entretenimento\/maira-cardi-anuncia-que-perdeu-o-bebe-vazio-que-nao-se-explica\/#:~:text=A%20influenciadora%20Ma%C3%ADra%20Cardi%2C%2041,explica%E2%80%9C%2C%20escreveu%20na%20legenda.\" target=\"_self\" rel=\"nofollow noopener\">anunciou que perdeu um beb\u00ea que esperava com o coach de finan\u00e7as<\/a>. J\u00e1 em abril,\u00a0<a class=\"text-red-600 underline hover:text-red-500 font-medium break-words group-[.isActiveSource]:text-xl\" href=\"https:\/\/www.cnnbrasil.com.br\/entretenimento\/maira-cardi-anuncia-gravidez-a-familia-aumentou\/\" target=\"_blank\" rel=\"noopener noreferrer nofollow\">ela anunciou que estava gr\u00e1vida novamente<\/a>.<\/p>\n<p><script async src=\"\/\/www.instagram.com\/embed.js\"><\/script><\/p>\n","protected":false},"excerpt":{"rendered":"A influenciadora Ma\u00edra Cardi, 42, atualizou os f\u00e3s sobre a cirurgia do marido, Thiago Nigro, 35, em meio&hellip;\n","protected":false},"author":2,"featured_media":107470,"comment_status":"","ping_status":"","sticky":false,"template":"","format":"standard","meta":{"footnotes":""},"categories":[145],"tags":[211,210,114,115,32,33],"class_list":{"0":"post-107469","1":"post","2":"type-post","3":"status-publish","4":"format-standard","5":"has-post-thumbnail","7":"category-celebridades","8":"tag-celebridades","9":"tag-celebrities","10":"tag-entertainment","11":"tag-entretenimento","12":"tag-portugal","13":"tag-pt"},"share_on_mastodon":{"url":"","error":""},"_links":{"self":[{"href":"https:\/\/www.europesays.com\/pt\/wp-json\/wp\/v2\/posts\/107469","targetHints":{"allow":["GET"]}}],"collection":[{"href":"https:\/\/www.europesays.com\/pt\/wp-json\/wp\/v2\/posts"}],"about":[{"href":"https:\/\/www.europesays.com\/pt\/wp-json\/wp\/v2\/types\/post"}],"author":[{"embeddable":true,"href":"https:\/\/www.europesays.com\/pt\/wp-json\/wp\/v2\/users\/2"}],"replies":[{"embeddable":true,"href":"https:\/\/www.europesays.com\/pt\/wp-json\/wp\/v2\/comments?post=107469"}],"version-history":[{"count":0,"href":"https:\/\/www.europesays.com\/pt\/wp-json\/wp\/v2\/posts\/107469\/revisions"}],"wp:featuredmedia":[{"embeddable":true,"href":"https:\/\/www.europesays.com\/pt\/wp-json\/wp\/v2\/media\/107470"}],"wp:attachment":[{"href":"https:\/\/www.europesays.com\/pt\/wp-json\/wp\/v2\/media?parent=107469"}],"wp:term":[{"taxonomy":"category","embeddable":true,"href":"https:\/\/www.europesays.com\/pt\/wp-json\/wp\/v2\/categories?post=107469"},{"taxonomy":"post_tag","embeddable":true,"href":"https:\/\/www.europesays.com\/pt\/wp-json\/wp\/v2\/tags?post=107469"}],"curies":[{"name":"wp","href":"https:\/\/api.w.org\/{rel}","templated":true}]}}