{"id":107473,"date":"2025-10-12T10:12:11","date_gmt":"2025-10-12T10:12:11","guid":{"rendered":"https:\/\/www.europesays.com\/pt\/107473\/"},"modified":"2025-10-12T10:12:11","modified_gmt":"2025-10-12T10:12:11","slug":"militares-dos-eua-sem-salario-pela-primeira-vez","status":"publish","type":"post","link":"https:\/\/www.europesays.com\/pt\/107473\/","title":{"rendered":"Militares dos EUA Sem Sal\u00e1rio pela Primeira Vez"},"content":{"rendered":"<p>A paralisa\u00e7\u00e3o do governo federal dos EUA, que completa este s\u00e1bado (11 de outubro) onze dias, causou os primeiros despedimentos de funcion\u00e1rios federais ordenados pela Casa Branca al\u00e9m de amea\u00e7ar o pagamento dos militares pela primeira vez na hist\u00f3ria.  <\/p>\n<p>Na pr\u00f3xima segunda-feira \u00e9 feriado no pa\u00eds, pelo que o Senado s\u00f3 voltar\u00e1 a reunir-se na ter\u00e7a-feira, dia 14, quando a proposta republicana ser\u00e1 votada pela oitava vez.<\/p>\n<p>Embora o principal obst\u00e1culo nas negocia\u00e7\u00f5es, que tem sido motivo de cr\u00edticas entre os dois partidos, tenha sido os subs\u00eddios do programa de sa\u00fade &#8220;Obamacare&#8221;, que expiram este ano, nos \u00faltimos dias um assunto tem-se destacado: os sal\u00e1rios dos militares.  <\/p>\n","protected":false},"excerpt":{"rendered":"A paralisa\u00e7\u00e3o do governo federal dos EUA, que completa este s\u00e1bado (11 de outubro) onze dias, causou os&hellip;\n","protected":false},"author":2,"featured_media":107474,"comment_status":"","ping_status":"","sticky":false,"template":"","format":"standard","meta":{"footnotes":""},"categories":[50],"tags":[27,28,235,15,16,14,25,26,21,22,8498,62,12,13,19,20,23,24,23480,17,18,29,30,31,63,64,65],"class_list":{"0":"post-107473","1":"post","2":"type-post","3":"status-publish","4":"format-standard","5":"has-post-thumbnail","7":"category-mundo","8":"tag-breaking-news","9":"tag-breakingnews","10":"tag-estados-unidos","11":"tag-featured-news","12":"tag-featurednews","13":"tag-headlines","14":"tag-latest-news","15":"tag-latestnews","16":"tag-main-news","17":"tag-mainnews","18":"tag-militares","19":"tag-mundo","20":"tag-news","21":"tag-noticias","22":"tag-noticias-principais","23":"tag-noticiasprincipais","24":"tag-principais-noticias","25":"tag-principaisnoticias","26":"tag-shutdown","27":"tag-top-stories","28":"tag-topstories","29":"tag-ultimas","30":"tag-ultimas-noticias","31":"tag-ultimasnoticias","32":"tag-world","33":"tag-world-news","34":"tag-worldnews"},"share_on_mastodon":{"url":"","error":""},"_links":{"self":[{"href":"https:\/\/www.europesays.com\/pt\/wp-json\/wp\/v2\/posts\/107473","targetHints":{"allow":["GET"]}}],"collection":[{"href":"https:\/\/www.europesays.com\/pt\/wp-json\/wp\/v2\/posts"}],"about":[{"href":"https:\/\/www.europesays.com\/pt\/wp-json\/wp\/v2\/types\/post"}],"author":[{"embeddable":true,"href":"https:\/\/www.europesays.com\/pt\/wp-json\/wp\/v2\/users\/2"}],"replies":[{"embeddable":true,"href":"https:\/\/www.europesays.com\/pt\/wp-json\/wp\/v2\/comments?post=107473"}],"version-history":[{"count":0,"href":"https:\/\/www.europesays.com\/pt\/wp-json\/wp\/v2\/posts\/107473\/revisions"}],"wp:featuredmedia":[{"embeddable":true,"href":"https:\/\/www.europesays.com\/pt\/wp-json\/wp\/v2\/media\/107474"}],"wp:attachment":[{"href":"https:\/\/www.europesays.com\/pt\/wp-json\/wp\/v2\/media?parent=107473"}],"wp:term":[{"taxonomy":"category","embeddable":true,"href":"https:\/\/www.europesays.com\/pt\/wp-json\/wp\/v2\/categories?post=107473"},{"taxonomy":"post_tag","embeddable":true,"href":"https:\/\/www.europesays.com\/pt\/wp-json\/wp\/v2\/tags?post=107473"}],"curies":[{"name":"wp","href":"https:\/\/api.w.org\/{rel}","templated":true}]}}