{"id":107475,"date":"2025-10-12T10:13:38","date_gmt":"2025-10-12T10:13:38","guid":{"rendered":"https:\/\/www.europesays.com\/pt\/107475\/"},"modified":"2025-10-12T10:13:38","modified_gmt":"2025-10-12T10:13:38","slug":"marinha-portuguesa-e-forcas-especiais-da-polonia-treinam-operacoes-submarinas-ao-largo-de-sines","status":"publish","type":"post","link":"https:\/\/www.europesays.com\/pt\/107475\/","title":{"rendered":"Marinha Portuguesa e for\u00e7as especiais da Pol\u00f3nia treinam opera\u00e7\u00f5es submarinas ao largo de Sines"},"content":{"rendered":"<p>O Destacamento de A\u00e7\u00f5es Especiais (DAE) da Marinha Portuguesa e a Jednostka Wojskowa Formoza, unidade de opera\u00e7\u00f5es especiais navais do Comando de Opera\u00e7\u00f5es Especiais da Pol\u00f3nia, participaram, durante o m\u00eas de setembro, no exerc\u00edcio JCET (Joint Combined Exchange Training).<\/p>\n<p>De acordo com informa\u00e7\u00e3o divulgada pela <a href=\"https:\/\/www.marinha.pt\/pt\" target=\"_blank\" rel=\"noreferrer noopener nofollow\">Marinha Portuguesa<\/a>, o exerc\u00edcio decorreu ao largo de Sines e teve como principal objetivo o treino conjunto de inser\u00e7\u00e3o e extra\u00e7\u00e3o de for\u00e7as atrav\u00e9s de meios de subsuperf\u00edcie. O submarino portugu\u00eas NRP Tridente desempenhou um papel central no cen\u00e1rio operacional.<\/p>\n<p>Segundo a mesma fonte, esta atividade constituiu \u00abuma oportunidade no aperfei\u00e7oamento da interoperabilidade entre for\u00e7as de opera\u00e7\u00f5es especiais (SOF) pertencentes \u00e0 NATO, refor\u00e7ando a capacidade de planeamento, coordena\u00e7\u00e3o e execu\u00e7\u00e3o de miss\u00f5es conjuntas em ambiente mar\u00edtimo\u00bb.<\/p>\n","protected":false},"excerpt":{"rendered":"O Destacamento de A\u00e7\u00f5es Especiais (DAE) da Marinha Portuguesa e a Jednostka Wojskowa Formoza, unidade de opera\u00e7\u00f5es especiais&hellip;\n","protected":false},"author":2,"featured_media":107476,"comment_status":"","ping_status":"","sticky":false,"template":"","format":"standard","meta":{"footnotes":""},"categories":[10],"tags":[27,28,15,16,14,25,26,21,22,12,13,19,20,32,23,24,33,17,18,29,30,31],"class_list":{"0":"post-107475","1":"post","2":"type-post","3":"status-publish","4":"format-standard","5":"has-post-thumbnail","7":"category-portugal","8":"tag-breaking-news","9":"tag-breakingnews","10":"tag-featured-news","11":"tag-featurednews","12":"tag-headlines","13":"tag-latest-news","14":"tag-latestnews","15":"tag-main-news","16":"tag-mainnews","17":"tag-news","18":"tag-noticias","19":"tag-noticias-principais","20":"tag-noticiasprincipais","21":"tag-portugal","22":"tag-principais-noticias","23":"tag-principaisnoticias","24":"tag-pt","25":"tag-top-stories","26":"tag-topstories","27":"tag-ultimas","28":"tag-ultimas-noticias","29":"tag-ultimasnoticias"},"share_on_mastodon":{"url":"","error":""},"_links":{"self":[{"href":"https:\/\/www.europesays.com\/pt\/wp-json\/wp\/v2\/posts\/107475","targetHints":{"allow":["GET"]}}],"collection":[{"href":"https:\/\/www.europesays.com\/pt\/wp-json\/wp\/v2\/posts"}],"about":[{"href":"https:\/\/www.europesays.com\/pt\/wp-json\/wp\/v2\/types\/post"}],"author":[{"embeddable":true,"href":"https:\/\/www.europesays.com\/pt\/wp-json\/wp\/v2\/users\/2"}],"replies":[{"embeddable":true,"href":"https:\/\/www.europesays.com\/pt\/wp-json\/wp\/v2\/comments?post=107475"}],"version-history":[{"count":0,"href":"https:\/\/www.europesays.com\/pt\/wp-json\/wp\/v2\/posts\/107475\/revisions"}],"wp:featuredmedia":[{"embeddable":true,"href":"https:\/\/www.europesays.com\/pt\/wp-json\/wp\/v2\/media\/107476"}],"wp:attachment":[{"href":"https:\/\/www.europesays.com\/pt\/wp-json\/wp\/v2\/media?parent=107475"}],"wp:term":[{"taxonomy":"category","embeddable":true,"href":"https:\/\/www.europesays.com\/pt\/wp-json\/wp\/v2\/categories?post=107475"},{"taxonomy":"post_tag","embeddable":true,"href":"https:\/\/www.europesays.com\/pt\/wp-json\/wp\/v2\/tags?post=107475"}],"curies":[{"name":"wp","href":"https:\/\/api.w.org\/{rel}","templated":true}]}}