{"id":107479,"date":"2025-10-12T10:21:13","date_gmt":"2025-10-12T10:21:13","guid":{"rendered":"https:\/\/www.europesays.com\/pt\/107479\/"},"modified":"2025-10-12T10:21:13","modified_gmt":"2025-10-12T10:21:13","slug":"em-inglaterra-tive-seis-multas-num-mes-e-sugeri-que-algumas-ficassem-no-nome-do-adjunto","status":"publish","type":"post","link":"https:\/\/www.europesays.com\/pt\/107479\/","title":{"rendered":"\u00abEm Inglaterra tive seis multas num m\u00eas e sugeri que algumas ficassem no nome do adjunto\u00bb"},"content":{"rendered":"<p>&#8211; Advertisement &#8211;<\/p>\n<p>Carlos Carvalhal foi um dos oradores confirmados no Portugal Football Summit. O treinador, agora sem clube depois da passagem pelo Braga, falou do n\u00edvel de treinadores e da equipa t\u00e9cnica em Portugal. <\/p>\n<p>\u00abTemos um n\u00edvel muito alto n\u00e3o s\u00f3 de treinadores como de preparadores f\u00edsicos, fisiologistas, treinadores de guarda-redes. Tamb\u00e9m porque os treinadores escrevem livros em Portugal, o que n\u00e3o acontece assim tanto em outros pa\u00edses. Temos uma difus\u00e3o do conhecimento muito grande em Portugal e um n\u00edvel de competitividade que nos faz crescer\u00bb, come\u00e7ou Carlos Carvalhal, antes de contar uma hist\u00f3ria bem humorada.<\/p>\n<p>\u00abNos Descobrimentos, nas caravelas espanholas e italianas tamb\u00e9m ia sempre um portugu\u00eas. Em Inglaterra, tive seis multas num m\u00eas e sugeri que algumas ficassem no nome do Johnny Concei\u00e7\u00e3o [adjunto]. Era imposs\u00edvel l\u00e1. Na escola, um mi\u00fado ingl\u00eas n\u00e3o pia. Nos dizemos orienta-te. Somos mais desenrascados e sabemos juntar pessoas, o portuga\u00a0leva todos para almo\u00e7ar\u00bb, explicou Carlos Carvalhal.<\/p>\n<p>O treinador portugu\u00eas falou tamb\u00e9m do exemplo das equipas B e destacou v\u00e1rios casos de sucesso na forma\u00e7\u00e3o, de Roger Fernandes a Gabri Veiga. <\/p>\n<p>\u00abO\u00a0Braga, por exemplo, tinha uma academia de excel\u00eancia. Entre Vitinha, Roger e Rodrigo Gomes estamos a falar de 75 milh\u00f5es de euros. As academias ajudam muito e e h\u00e1 uma coisa que sempre reconheci: nunca tive um jogador de equipa B que me desiludisse. Tanto em Braga como no Rio Ave, no Celta de Vigo tamb\u00e9m, onde potenci\u00e1mos o Gabri Veiga. \u00c9 importante n\u00e3o distingui-los dos outros jogadores. O Diego \u00e9 um excelente exemplo. Estreou-se na equipa A como titular no Est\u00e1dio da Luz e n\u00e3o teve um tratamento excecional. Disse-lhe que tinha total confian\u00e7a nele, tal como disse aos outros\u00bb, destacou o treinador, que abordou ainda o descanso e os dias de recupera\u00e7\u00e3o. <\/p>\n<p>\u00abO V\u00edtor Frade estava adiantado no tempo 30 anos. Vimos esta quest\u00e3o do Mundial do Clubes, com o Benfica a ter s\u00f3 15 dias de prepara\u00e7\u00e3o. Vamos ter cada vez menos tempo para treinar, algo que o Frade j\u00e1 avisava. Quanto menos tempo tivermos, mais teremos de utiliz\u00e1-lo para fundamentos t\u00e1ticos. Se n\u00e3o tiver isso cimentado, n\u00e3o vamos faz\u00ea-lo a jogar de tr\u00eas em tr\u00eas dias. E teremos de mexer o m\u00ednimo poss\u00edvel nas pernas dos jogadores, apesar da press\u00e3o dos clubes, dando mais descanso\u00bb, concluiu Carlos Carvalhal. <\/p>\n<p>O <strong>Bola na Rede<\/strong> est\u00e1 na Cidade do Futebol para acompanhar o Portugal Football Summit. <a href=\"https:\/\/bolanarede.pt\/etiqueta\/portugal-football-summit\/\" target=\"_blank\" rel=\"noreferrer noopener nofollow\">Acompanha tudo sobre o evento. <\/a><\/p>\n","protected":false},"excerpt":{"rendered":"&#8211; Advertisement &#8211; Carlos Carvalhal foi um dos oradores confirmados no Portugal Football Summit. O treinador, agora sem&hellip;\n","protected":false},"author":2,"featured_media":107480,"comment_status":"","ping_status":"","sticky":false,"template":"","format":"standard","meta":{"footnotes":""},"categories":[87],"tags":[260,1912,25449,135,32,24942,666,479,33,134],"class_list":{"0":"post-107479","1":"post","2":"type-post","3":"status-publish","4":"format-standard","5":"has-post-thumbnail","7":"category-desporto","8":"tag-atualidade","9":"tag-braga","10":"tag-carlos-carvalhal","11":"tag-desporto","12":"tag-portugal","13":"tag-portugal-football-summit","14":"tag-premier-league","15":"tag-primeira-liga","16":"tag-pt","17":"tag-sports"},"share_on_mastodon":{"url":"","error":""},"_links":{"self":[{"href":"https:\/\/www.europesays.com\/pt\/wp-json\/wp\/v2\/posts\/107479","targetHints":{"allow":["GET"]}}],"collection":[{"href":"https:\/\/www.europesays.com\/pt\/wp-json\/wp\/v2\/posts"}],"about":[{"href":"https:\/\/www.europesays.com\/pt\/wp-json\/wp\/v2\/types\/post"}],"author":[{"embeddable":true,"href":"https:\/\/www.europesays.com\/pt\/wp-json\/wp\/v2\/users\/2"}],"replies":[{"embeddable":true,"href":"https:\/\/www.europesays.com\/pt\/wp-json\/wp\/v2\/comments?post=107479"}],"version-history":[{"count":0,"href":"https:\/\/www.europesays.com\/pt\/wp-json\/wp\/v2\/posts\/107479\/revisions"}],"wp:featuredmedia":[{"embeddable":true,"href":"https:\/\/www.europesays.com\/pt\/wp-json\/wp\/v2\/media\/107480"}],"wp:attachment":[{"href":"https:\/\/www.europesays.com\/pt\/wp-json\/wp\/v2\/media?parent=107479"}],"wp:term":[{"taxonomy":"category","embeddable":true,"href":"https:\/\/www.europesays.com\/pt\/wp-json\/wp\/v2\/categories?post=107479"},{"taxonomy":"post_tag","embeddable":true,"href":"https:\/\/www.europesays.com\/pt\/wp-json\/wp\/v2\/tags?post=107479"}],"curies":[{"name":"wp","href":"https:\/\/api.w.org\/{rel}","templated":true}]}}