{"id":107483,"date":"2025-10-12T10:29:11","date_gmt":"2025-10-12T10:29:11","guid":{"rendered":"https:\/\/www.europesays.com\/pt\/107483\/"},"modified":"2025-10-12T10:29:11","modified_gmt":"2025-10-12T10:29:11","slug":"eu-odiei-foi-o-pior-momento-da-minha-vida-clint-eastwood-ajudou-a-demitir-um-diretor-no-meio-das-filmagens-e-e-por-isso-que-a-regra-eastwood-existe-noticias-de-cinema","status":"publish","type":"post","link":"https:\/\/www.europesays.com\/pt\/107483\/","title":{"rendered":"&#8220;Eu odiei, foi o pior momento da minha vida&#8221;: Clint Eastwood ajudou a demitir um diretor no meio das filmagens, e \u00e9 por isso que a &#8220;Regra Eastwood&#8221; existe &#8211; Not\u00edcias de cinema"},"content":{"rendered":"<p>O ator e o diretor tinham protagonizado uma intensa disputa na primeira semana e o est\u00fadio acabou intercedendo em favor de Eastwood: os multaram em 60 mil d\u00f3lares.<\/p>\n<p class=\"bo-p\">Uma aut\u00eantica lenda viva em Hollywood, <a href=\"https:\/\/www.adorocinema.com\/personalidades\/personalidade-1146\/\" class=\"bo-link\" rel=\"nofollow noopener\" target=\"_blank\">Clint Eastwood<\/a> come\u00e7ou unicamente como int\u00e9rprete; primeiro com pequenos pap\u00e9is sem cr\u00e9dito em diversos filmes e mais tarde como jovem talento do western e uma das grandes promessas da ind\u00fastria. No entanto, Eastwood n\u00e3o demorou a sentir curiosidade pelo outro lado das c\u00e2meras e em 1971 estava dirigindo seu primeiro filme, <a href=\"https:\/\/www.adorocinema.com\/filmes\/filme-377\/\" class=\"bo-link\" rel=\"nofollow noopener\" target=\"_blank\">Perversa Paix\u00e3o<\/a>.<\/p>\n<p class=\"bo-p\">Durante as d\u00e9cadas seguintes, Eastwood continuou dirigindo e protagonizando seus pr\u00f3prios filmes, mas tamb\u00e9m trabalhou sob o comando de outros companheiros, sendo em 2012 a \u00faltima vez que o faria no filme <a href=\"https:\/\/www.adorocinema.com\/filmes\/filme-198088\/\" class=\"bo-link\" rel=\"nofollow noopener\" target=\"_blank\">Curvas da Vida<\/a>.<\/p>\n<p class=\"bo-p\">Desde o primeiro momento em que come\u00e7ou a dirigir, Eastwood se sentiu t\u00e3o confort\u00e1vel que sempre tinha um novo projeto em andamento. No entanto, um dos filmes que dirigiu nesses primeiros anos como cineasta foi o resultado de uma desagrad\u00e1vel disputa que terminou com o diretor inicial demitido e com uma nova regra no Sindicato de Diretores de Hollywood que evitasse que voltasse a se produzir uma situa\u00e7\u00e3o similar.<\/p>\n<p class=\"bo-p\">O filme era <a href=\"https:\/\/www.adorocinema.com\/filmes\/filme-383\/\" class=\"bo-link\" rel=\"nofollow noopener\" target=\"_blank\">Josey Wales &#8211; O Fora da Lei<\/a> (1976), cujo diretor <a href=\"https:\/\/www.adorocinema.com\/personalidades\/personalidade-685\/\" class=\"bo-link\" rel=\"nofollow noopener\" target=\"_blank\">Philip Kaufman<\/a> foi demitido em plenas filmagens e substitu\u00eddo pelo pr\u00f3prio Clint Eastwood, protagonista do filme junto com sua posterior parceira <a href=\"https:\/\/www.adorocinema.com\/personalidades\/personalidade-1271\/\" class=\"bo-link\" rel=\"nofollow noopener\" target=\"_blank\">Sondra Locke<\/a>.<\/p>\n<p class=\"bo-p\">Adapta\u00e7\u00e3o do romance do escritor Forrest Carter de 1972 The Rebel Outlaw: Josey Wales, o pr\u00f3prio Clint Eastwood havia contribu\u00eddo economicamente para a obten\u00e7\u00e3o dos direitos cinematogr\u00e1ficos da obra e n\u00e3o aceitou dirigi-la porque estava exausto de seu trabalho anterior. N\u00e3o obstante, sentia-se especialmente envolvido no processo, ent\u00e3o n\u00e3o hesitou em confrontar as decis\u00f5es do diretor, tamb\u00e9m roteirista, que n\u00e3o compartilhava. Enquanto Kaufman, que n\u00e3o concordava com a postura pol\u00edtica do livro, que considerava escrito por um &#8220;fascista descarado&#8221;, queria se ater o m\u00e1ximo poss\u00edvel aos fatos hist\u00f3ricos reais, Eastwood se opunha com veem\u00eancia \u00e0 ideia de que certas partes do romance fossem eliminadas. Da mesma forma, rumora-se que ambos estavam interessados na atriz protagonista, Sondra Locke, a quem Eastwood contratou contra a vontade de Kaufman e com quem iniciou um relacionamento depois das filmagens.<\/p>\n<p>                                <img loading=\"lazy\" decoding=\"async\" class=\"article-figure-img\" src=\"https:\/\/www.europesays.com\/pt\/wp-content\/uploads\/2025\/10\/6577f0806ddb83533617d0d679aaa15e.jpg\" width=\"640\" height=\"320\" alt=\"\"\/><\/p>\n<p>                                    Warner Bros.<\/p>\n<p>Uma disputa criativa que mudou Hollywood<\/p>\n<p class=\"bo-p\">A disputa criativa durante a produ\u00e7\u00e3o do filme chegou a ser t\u00e3o tensa que finalmente o est\u00fadio demitiu Kaufman ap\u00f3s apenas uma semana de filmagem e foi o pr\u00f3prio Eastwood quem assumiu a dire\u00e7\u00e3o.<\/p>\n<p class=\"bo-p\">&#8220;Eu odiei; foi o pior momento da minha vida&#8221;, assegurou Clint Eastwood em uma entrevista publicada no livro Clint Eastwood: Interviews, conforme cita o Collider. Segundo o veterano ator e diretor, Kaufman havia feito um trabalho &#8220;maravilhoso&#8221; no roteiro, mas atr\u00e1s da c\u00e2mera n\u00e3o estava \u00e0 altura.<\/p>\n<p class=\"bo-p\">O movimento causou um grande alvoro\u00e7o em Hollywood e a instaura\u00e7\u00e3o de uma norma que mudou as coisas para sempre. Para come\u00e7ar, o Sindicato de Diretores dos Estados Unidos multou a Warner Bros em 60 mil d\u00f3lares e imediatamente depois aprovou uma nova norma, chamada &#8220;A Regra Eastwood&#8221;, que impediria que algu\u00e9m demitisse o diretor de um filme para se tornar o diretor.<\/p>\n<p class=\"bo-p\">Apesar do desagrad\u00e1vel do assunto, Eastwood a recordaria com muito carinho pelo que representou em sua carreira: &#8220;Foi o primeiro faroeste que fiz em muito tempo, desde os filmes de Leone dos anos 60. Estreou nos anos 70, quando o pa\u00eds estava inquieto pela guerra do Vietn\u00e3. Abordava a divis\u00e3o da guerra e como pode dilacerar o cora\u00e7\u00e3o e a alma. Mas tamb\u00e9m tratava sobre o rejuvenescimento de um c\u00ednico, devolvendo-lhe um prop\u00f3sito \u00e0 sua vida e uma fam\u00edlia substituta&#8221;.<\/p>\n","protected":false},"excerpt":{"rendered":"O ator e o diretor tinham protagonizado uma intensa disputa na primeira semana e o est\u00fadio acabou intercedendo&hellip;\n","protected":false},"author":2,"featured_media":107484,"comment_status":"","ping_status":"","sticky":false,"template":"","format":"standard","meta":{"footnotes":""},"categories":[145],"tags":[211,210,114,115,32,33],"class_list":{"0":"post-107483","1":"post","2":"type-post","3":"status-publish","4":"format-standard","5":"has-post-thumbnail","7":"category-celebridades","8":"tag-celebridades","9":"tag-celebrities","10":"tag-entertainment","11":"tag-entretenimento","12":"tag-portugal","13":"tag-pt"},"share_on_mastodon":{"url":"","error":""},"_links":{"self":[{"href":"https:\/\/www.europesays.com\/pt\/wp-json\/wp\/v2\/posts\/107483","targetHints":{"allow":["GET"]}}],"collection":[{"href":"https:\/\/www.europesays.com\/pt\/wp-json\/wp\/v2\/posts"}],"about":[{"href":"https:\/\/www.europesays.com\/pt\/wp-json\/wp\/v2\/types\/post"}],"author":[{"embeddable":true,"href":"https:\/\/www.europesays.com\/pt\/wp-json\/wp\/v2\/users\/2"}],"replies":[{"embeddable":true,"href":"https:\/\/www.europesays.com\/pt\/wp-json\/wp\/v2\/comments?post=107483"}],"version-history":[{"count":0,"href":"https:\/\/www.europesays.com\/pt\/wp-json\/wp\/v2\/posts\/107483\/revisions"}],"wp:featuredmedia":[{"embeddable":true,"href":"https:\/\/www.europesays.com\/pt\/wp-json\/wp\/v2\/media\/107484"}],"wp:attachment":[{"href":"https:\/\/www.europesays.com\/pt\/wp-json\/wp\/v2\/media?parent=107483"}],"wp:term":[{"taxonomy":"category","embeddable":true,"href":"https:\/\/www.europesays.com\/pt\/wp-json\/wp\/v2\/categories?post=107483"},{"taxonomy":"post_tag","embeddable":true,"href":"https:\/\/www.europesays.com\/pt\/wp-json\/wp\/v2\/tags?post=107483"}],"curies":[{"name":"wp","href":"https:\/\/api.w.org\/{rel}","templated":true}]}}