{"id":107489,"date":"2025-10-12T10:42:32","date_gmt":"2025-10-12T10:42:32","guid":{"rendered":"https:\/\/www.europesays.com\/pt\/107489\/"},"modified":"2025-10-12T10:42:32","modified_gmt":"2025-10-12T10:42:32","slug":"se-tivesse-ficado-no-sofa-a-ver-um-genocidio-nunca-mais-dormia-com-a-consciencia-tranquila-sofia-aparicio-esteve-presa-em-condicoes-desumanas-o-minimo-era-o-governo-mandar-a-conta-para-israel","status":"publish","type":"post","link":"https:\/\/www.europesays.com\/pt\/107489\/","title":{"rendered":"Se tivesse ficado no sof\u00e1 a ver um genoc\u00eddio, nunca mais dormia com a consci\u00eancia tranquila&#8221;. Sofia Apar\u00edcio esteve presa em condi\u00e7\u00f5es &#8220;desumanas&#8221;: &#8220;O m\u00ednimo era o Governo mandar a conta para Israel"},"content":{"rendered":"<p>\t                Chegou a Lisboa apenas com o passaporte na m\u00e3o e o pijama da pris\u00e3o vestido. Foi detida no deserto israelita, ap\u00f3s a interce\u00e7\u00e3o da flotilha humanit\u00e1ria que levava ajuda para Gaza. Um m\u00eas no mar, drones a sobrevoar o barco &#8220;todas as noites&#8221;, e depois dias de cativeiro em condi\u00e7\u00f5es &#8220;desumanas&#8221;. Sofia Apar\u00edcio regressou a Portugal sem medo nem arrependimento, mas com uma revolta clara: a forma como o Estado portugu\u00eas tratou o seu caso<\/p>\n<p>Uma semana depois de <a href=\"https:\/\/cnnportugal.iol.pt\/videos\/quatro-portugueses-que-estiveram-detidos-por-israel-recebidos-em-euforia-em-lisboa\/68e2f76c0cf285ab53a605f4\" target=\"_blank\" rel=\"nofollow noopener\">voltar a Portugal<\/a>, Sofia Apar\u00edcio confessa, em entrevista exclusiva \u00e0 CNN Portugal, que ainda acorda sobressaltada, com a sensa\u00e7\u00e3o de que os guardas est\u00e3o a entrar na sua cela de madrugada, com c\u00e3es e armas apontadas. \u201cJ\u00e1 me aconteceu quatro ou cinco vezes esta semana. N\u00e3o sabia que tinha sido t\u00e3o traum\u00e1tico.\u201c<\/p>\n<p>Dias depois do regresso, ligaram-lhe do Minist\u00e9rio dos Neg\u00f3cios Estrangeiros. Ficou a saber que os quatro ativistas teriam de <a href=\"https:\/\/cnnportugal.iol.pt\/mariana-mortagua\/flotilha\/portugueses-da-flotilha-vao-ter-de-devolver-dinheiro-da-viagem-de-regresso-ao-estado\/20251007\/68e58010d34ee0c2fed0fd48\" target=\"_blank\" rel=\"nofollow noopener\">pagar ao Estado o custo do voo de repatriamento<\/a>. No entanto, ainda n\u00e3o recebeu qualquer notifica\u00e7\u00e3o de valores.\u00a0<\/p>\n<p>&#8220;Se isso \u00e9 um procedimento normal eu pago, eu sou de boas contas, n\u00e3o devo nada ao Estado. Enviavam a notifica\u00e7\u00e3o e n\u00f3s pagavamos. Mas muito pouco tempo depois de eu receber aquele telefonema, vejo na televis\u00e3o, em letras gordas: \u2018os quatro ativistas v\u00e3o ser obrigados a pagar ao Estado\u2019. Achei t\u00e3o rasteiro. Sei que n\u00e3o era para me atingir a mim, nem ao Miguel, nem ao Duarte. E confesso que esta forma de fazer pol\u00edtica, de baixar o n\u00edvel ao m\u00e1ximo, enoja-me.\u201d<\/p>\n<p>Para Sofia Apar\u00edcio, o Governo portugu\u00eas falhou no essencial: proteger cidad\u00e3os que foram, nas suas palavras, <a href=\"https:\/\/cnnportugal.iol.pt\/flotilha\/humanitaria\/flotilha-humanitaria-intercetada-por-israel-mariana-mortagua-e-sofia-aparicio-terao-sido-detidas\/20251001\/68dd7b6ad34e58bc67966b2a\" target=\"_blank\" rel=\"nofollow noopener\">\u201csequestrados\u201d por Israel<\/a>.<\/p>\n<p>\u201cEu n\u00e3o fui para Israel de livre vontade. O meu destino era Gaza. Fui levada contra a minha vontade pelas for\u00e7as terroristas de Israel. Eles cometeram dois crimes: sequestro e interce\u00e7\u00e3o de embarca\u00e7\u00f5es em \u00e1guas internacionais. O m\u00ednimo, nem que fosse um gesto simb\u00f3lico, era o nosso Governo mandar a conta para Israel.\u201d E acrescenta: \u201cQuando o ministro dos Neg\u00f3cios Estrangeiros diz que os israelitas foram \u2018muito profissionais\u2019, est\u00e1 a dizer que os criminosos foram profissionais a cometer crimes. Eu n\u00e3o consigo compreender isto.\u201d<\/p>\n<p>Para a ativista, os direitos humanos &#8220;n\u00e3o t\u00eam cor pol\u00edtica, n\u00e3o s\u00e3o negoci\u00e1veis, e n\u00e3o t\u00eam fronteiras&#8221;. E recorda as <a href=\"https:\/\/cnnportugal.iol.pt\/videos\/de-um-lado-temos-assassinos-que-estao-a-provocar-um-genocidio-do-outro-temos-ativistas-politicos-nao-tenho-duvidas-de-que-lado-estou\/68e1848b0cf29d28d828c889\" target=\"_blank\" rel=\"nofollow noopener\">declara\u00e7\u00f5es de Francisco Rodrigues dos Santos<\/a> para intensificar as cr\u00edticas ao executivo liderado por Lu\u00eds Montenegro. &#8220;O antigo l\u00edder do CDS deu uma li\u00e7\u00e3o de dignidade a todos estes pol\u00edticos que est\u00e3o agora no poder. A minha m\u00e3e diria que \u2018isto sim \u00e9 um bom crist\u00e3o\u2019.<\/p>\n<p>&#8220;Deram-nos comida estragada, fic\u00e1mos sem \u00e1gua, negaram medica\u00e7\u00e3o a doentes cr\u00f3nicos&#8221; <\/p>\n<p>Nos cinco dias em que esteve detida, dormia com mais quinze mulheres num espa\u00e7o onde &#8220;cabiam oito&#8221;. O calor era &#8220;insuport\u00e1vel&#8221;. \u201cA farda era de tecido polar. Est\u00e1vamos no deserto. Quando finalmente me deixaram sair, obrigaram-me a vestir o polar e meteram-me numa jaula ao sol.\u201d<\/p>\n<p>&#8220;Deram-nos comida estragada, fic\u00e1mos sem \u00e1gua durante dias, negaram medica\u00e7\u00e3o a doentes cr\u00f3nicos.\u00a0Uma senhora que estava na minha cela de 70 anos tinha a perna enfaixada e a guarda perguntou-lhe o que tinha. Quando ela diz \u2018 a perna partida\u2019, a guarda manda-lhe com a porta de ferro da nossa cela contra a perna&#8221;, continua.<\/p>\n<p>No entanto, e mesmo nas piores horas, conta, havia algo que a impedia de ceder ao desespero: \u201cSaber que o que est\u00e1vamos a viver n\u00e3o se comparava ao sofrimento dos palestinianos.\u00a0Isto para mim s\u00e3o coisas que v\u00e3o ser dif\u00edceis de esquecer, mas n\u00e3o \u00e9 nada comparado com o que os prisioneiros palestinianos passam nas pris\u00f5es israelitas nem com o que o povo palestiniano tem passado \u00e0s m\u00e3os de Israel. Sou uma privilegiada. Quando entrei em casa nunca achei a minha casa t\u00e3o bonita. Senti realmente o privil\u00e9gio de ter uma casa para voltar, coisa que os palestinianos n\u00e3o t\u00eam&#8221;.<\/p>\n<p>&#8220;Podem dizer o que quiserem. Eu sei o que fui fazer&#8221; <\/p>\n<p>Questionada sobre o <a href=\"https:\/\/cnnportugal.iol.pt\/aominuto\/652125bed34e65afa2f62245\" target=\"_blank\" rel=\"nofollow noopener\">cessar-fogo recentemente acordado<\/a>\u00a0entre Israel e o Hamas, Sofia Apar\u00edcio confessa ter uma &#8220;esperan\u00e7a muito cuidadosa&#8221;. \u201c Li-o e pareceu-me que t\u00ednhamos recuado n\u00e3o sei quantos s\u00e9culos e estava a ver imp\u00e9rios colonialistas a decidir o destino de um territ\u00f3rio que n\u00e3o lhes pertence. Mas, apesar de tudo, temos de celebrar o fim dos bombardeamentos. O povo palestiniano merece o fim desta viol\u00eancia e um caminho para a paz duradoura.\u201d E acrescenta: \u201cS\u00f3 haver\u00e1 paz verdadeira quando o povo palestiniano tiver autodetermina\u00e7\u00e3o num territ\u00f3rio livre de ocupa\u00e7\u00e3o e de limpeza \u00e9tnica.\u201d<\/p>\n<p>A flotilha nunca chegou a Gaza, mas, para Sofia Apar\u00edcio, a derrota log\u00edstica n\u00e3o apagou o sentido da a\u00e7\u00e3o. \u201cVi coisas que me restauraram a esperan\u00e7a na humanidade: pessoas altru\u00edstas, resilientes, dispostas a arriscar tudo por um povo que est\u00e1 a ser exterminado. Eu n\u00e3o tinha muita esperan\u00e7a na humanidade, e acho que voltei com mais um bocadinho.\u201d<\/p>\n<p>Apesar das cr\u00edticas e do \u00f3dio que recebeu nas redes sociais, a atriz diz n\u00e3o se deixar atingir: &#8220;Podem dizer o que quiserem. Eu sei o que fui fazer. Eu n\u00e3o consigo viver comigo se n\u00e3o fizer nada. Se tivesse ficado no sof\u00e1 a ver um genoc\u00eddio &#8211; ainda por cima este, que nos passa nas redes sociais, na televis\u00e3o diariamente &#8211; nunca mais dormia com a consci\u00eancia tranquila.\u201d<\/p>\n","protected":false},"excerpt":{"rendered":"Chegou a Lisboa apenas com o passaporte na m\u00e3o e o pijama da pris\u00e3o vestido. Foi detida no&hellip;\n","protected":false},"author":2,"featured_media":107490,"comment_status":"","ping_status":"","sticky":false,"template":"","format":"standard","meta":{"footnotes":""},"categories":[10],"tags":[609,611,27,28,607,608,604,610,539,15,16,20299,532,14,259,603,25,26,570,21,22,1737,606,12,13,19,20,602,32,23,24,33,58,13822,605,17,18,29,30,31],"class_list":{"0":"post-107489","1":"post","2":"type-post","3":"status-publish","4":"format-standard","5":"has-post-thumbnail","7":"category-portugal","8":"tag-alerta","9":"tag-ao-minuto","10":"tag-breaking-news","11":"tag-breakingnews","12":"tag-cnn","13":"tag-cnn-portugal","14":"tag-crime","15":"tag-direto","16":"tag-educacao","17":"tag-featured-news","18":"tag-featurednews","19":"tag-flotilha-humanitaria","20":"tag-gaza","21":"tag-headlines","22":"tag-israel","23":"tag-justica","24":"tag-latest-news","25":"tag-latestnews","26":"tag-live","27":"tag-main-news","28":"tag-mainnews","29":"tag-mariana-mortagua","30":"tag-meteorologia","31":"tag-news","32":"tag-noticias","33":"tag-noticias-principais","34":"tag-noticiasprincipais","35":"tag-pais","36":"tag-portugal","37":"tag-principais-noticias","38":"tag-principaisnoticias","39":"tag-pt","40":"tag-sociedade","41":"tag-sofia-aparicio","42":"tag-tempo","43":"tag-top-stories","44":"tag-topstories","45":"tag-ultimas","46":"tag-ultimas-noticias","47":"tag-ultimasnoticias"},"share_on_mastodon":{"url":"","error":""},"_links":{"self":[{"href":"https:\/\/www.europesays.com\/pt\/wp-json\/wp\/v2\/posts\/107489","targetHints":{"allow":["GET"]}}],"collection":[{"href":"https:\/\/www.europesays.com\/pt\/wp-json\/wp\/v2\/posts"}],"about":[{"href":"https:\/\/www.europesays.com\/pt\/wp-json\/wp\/v2\/types\/post"}],"author":[{"embeddable":true,"href":"https:\/\/www.europesays.com\/pt\/wp-json\/wp\/v2\/users\/2"}],"replies":[{"embeddable":true,"href":"https:\/\/www.europesays.com\/pt\/wp-json\/wp\/v2\/comments?post=107489"}],"version-history":[{"count":0,"href":"https:\/\/www.europesays.com\/pt\/wp-json\/wp\/v2\/posts\/107489\/revisions"}],"wp:featuredmedia":[{"embeddable":true,"href":"https:\/\/www.europesays.com\/pt\/wp-json\/wp\/v2\/media\/107490"}],"wp:attachment":[{"href":"https:\/\/www.europesays.com\/pt\/wp-json\/wp\/v2\/media?parent=107489"}],"wp:term":[{"taxonomy":"category","embeddable":true,"href":"https:\/\/www.europesays.com\/pt\/wp-json\/wp\/v2\/categories?post=107489"},{"taxonomy":"post_tag","embeddable":true,"href":"https:\/\/www.europesays.com\/pt\/wp-json\/wp\/v2\/tags?post=107489"}],"curies":[{"name":"wp","href":"https:\/\/api.w.org\/{rel}","templated":true}]}}