{"id":107492,"date":"2025-10-12T10:46:17","date_gmt":"2025-10-12T10:46:17","guid":{"rendered":"https:\/\/www.europesays.com\/pt\/107492\/"},"modified":"2025-10-12T10:46:17","modified_gmt":"2025-10-12T10:46:17","slug":"dia-das-criancas-gosto-pelos-livros-pode-ser-incentivado-desde-cedo-diario-industria-comercio","status":"publish","type":"post","link":"https:\/\/www.europesays.com\/pt\/107492\/","title":{"rendered":"Dia das Crian\u00e7as: gosto pelos livros pode ser incentivado desde cedo &#8211; Di\u00e1rio Ind\u00fastria &amp; Com\u00e9rcio"},"content":{"rendered":"<ol>\n<li><a href=\"https:\/\/news.google.com\/rss\/articles\/CBMiugFBVV95cUxPYzZkT25nR3JGYTg1anVYTlg4Z2hObTJMZEY1NENlanBvaHFheDVoWUxvRDhXWVo0RVFtczREM2x2akYwZFE5NU9kR1Vob09vd3lfVVAwSGx4dUJmOTI1WjRsN3BpRm45di1jNDAzeEtxYWpRSGtmalhpRUoydm1TOGZDb244VG02Tk04MGJBUXQ3eGZhSVM2TEljaXJBVDZwZ0EtZktWUmdUTlJGN0JtQjlyTWxHU1Fhb3c?oc=5\" target=\"_blank\" rel=\"nofollow noopener\">Dia das Crian\u00e7as: gosto pelos livros pode ser incentivado desde cedo<\/a>&nbsp;&nbsp;Di\u00e1rio Ind\u00fastria &amp; Com\u00e9rcio<\/li>\n<li><a href=\"https:\/\/news.google.com\/rss\/articles\/CBMiqAJBVV95cUxOV1VqZXQ5MVA1bUFjQ0RhUi1YQS11c2tmcTcwREFRWnE4ZzgwRUFwQzZOZERUOFFYQ0dhaWQ5WkRCYXczdmtZMGQzVUd2UjdpVTg1VG1EdW5nX0x5N2NZQ1RSQkZxaGlNMV9VWkhTRVRQVFlzNmRuVnZEb2lHM0V4NFQ1SE5QLUlWX1hlWWVTNS1vTl9URlFKOFFrZFFPQ09Oemx6UUpqYnZ1elNkbEtvbW50ZTJTN0poN2RfRDlwRGhsOEQ0QmhfM3R2YWdINmhXdnJfdGp6Y2JjRVU5VzliY1RFc1hUUXNaanRBbjNHX05RV29vd3JwMlFKX3VYSXpwcHh1ZVNWR0VBMUxFZzlveDBaaGh6dUQyb3B1VGRnemRadXJtU0h4Qw?oc=5\" target=\"_blank\" rel=\"nofollow noopener\">Longe das telas e perto dos livros: como a literatura contribui para o desenvolvimento infantil<\/a>&nbsp;&nbsp;GZH<\/li>\n<li><a href=\"https:\/\/news.google.com\/rss\/articles\/CBMivwFBVV95cUxQMUZ4akV1VWNlRENXanBiLVhfd1htNjZHMW5nTDRwVFVpaVY4U1Q3LVBLaDBpUWQyOXpERktJQTBfMXAzQmRTdThOUktmLUdrZUVrZkNoaWdtZTgxTnZTQ0lUb01oMWNxa21UOG85akVzQkhfczNaQXVMZzJEcGJKMkZsTzVhTWZLMnhhZGZXUUVaWHVlTVlYWDczdzZvLWloQUNGSllnbUNieG13Vzlua2M4LU1vWEZRalAyZEZIb9IBxAFBVV95cUxQUmxLMXdyV3JURUNxdE5HYXAwM2ZxMkNHR1pZVE9XMG9ZdS1ORVdxYXYzZmI0ZERxQlU2SEwwUmoyNl9xZTAxUHlWVHJiZ0t6SndVWHFvYTktY01uU243ZlFGb3hNcnM1eHhaRU1vaHhCSExqUjZJM09SbkZPQUhUN3lnZjZ0bVlmeDJHaXBrU2FPVVZyQTR6enM2d2x3dFhTLXRlTzdiZFh2RHJHUkZFTW5vcUlKQWZfRDI5aUVvLWlzSWFE?oc=5\" target=\"_blank\" rel=\"nofollow noopener\">Dia das crian\u00e7as: entenda a import\u00e2ncia do h\u00e1bito da leitura durante a inf\u00e2ncia<\/a>&nbsp;&nbsp;Brasil Escola<\/li>\n<li><a href=\"https:\/\/news.google.com\/rss\/articles\/CBMiygFBVV95cUxNM3RoU3A0MnFFeEtIVXlXbDhKNUYtcXRWZ0prSllnT2x4VWl1eW9tbUl3NUN4NVFrYTZDWU01M2N5UnhBaWJFLTVFeGFNM01VQWYyS0xmbDJPNWh3M0Rtb0Z2TGlXNW44dXk3TWhjYVRFTmxaT2l4YnZVbmtVWjRiM1RBVEMzbHVEOTJhUmFNaE84UTBDM1R1cFI2OUF6Y3g2ZmU2VlBiUy1DempCSmlQUXRZb2YtcE5TcUc1X1dreFJFeHZjMWVVWjVB0gHYAUFVX3lxTE9JdGxCZUFuRnZkZlZHTmNsMkRnLU5sVzRQamNLemxIUjVvRnp5Uk11cUoxbGFnd2g3V0s0bkdjemNkQVdzWU8wSnVmMENKVEVqUV9obHhJdmYwNEducjhVTnRqdnFaY3V3VlQ3MVptTENhZ1ZKYmpZd2VlMVJZT3NlUVZ3MDBwUDhYVUlyRGQ5elR4MWprUUZYSXdHdmtSY2NQQnoxWmdIUzE1elpVQVVvUUtBQUw3Sm9oLWlvQTdJLWhUaEFaejhxaXZzTTg5RXAwYjNTZ0pTNw?oc=5\" target=\"_blank\" rel=\"nofollow noopener\">13 livros para dar de presente neste Dia das Crian\u00e7as<\/a>&nbsp;&nbsp;Globo<\/li>\n<li><a href=\"https:\/\/news.google.com\/rss\/articles\/CBMivAFBVV95cUxQWWpQOXpmdndmTXljanVVWDVYdU9tWlc1WG5lSUNWWmQ0cHVNc2tnbHFCcjBYeHNzODZwTzRoQWhZbExXYzNhLW9LQXRZOFplVm9YWEVTSHBBUE1NNWlTU2J3R0oxR0JTT0lOcVh4ZTlaRWNwR3E0aFhveENvVWpadVd4NGJhTzBPU3E3MnIzMDNBSldEaHh4dDA4X0FtV0dmaGxaT1ZiTF9KWWNxd0JaT19Kb1k1cmhaSWpUZQ?oc=5\" target=\"_blank\" rel=\"nofollow noopener\">Para crian\u00e7as: roteiro de e-books traz op\u00e7\u00f5es de leituras que estimulam o aprendizado<\/a>&nbsp;&nbsp;Jornal da USP<\/li>\n<\/ol>\n","protected":false},"excerpt":{"rendered":"Dia das Crian\u00e7as: gosto pelos livros pode ser incentivado desde cedo&nbsp;&nbsp;Di\u00e1rio Ind\u00fastria &amp; Com\u00e9rcio Longe das telas e&hellip;\n","protected":false},"author":2,"featured_media":107493,"comment_status":"","ping_status":"","sticky":false,"template":"","format":"standard","meta":{"footnotes":""},"categories":[143],"tags":[169,114,115,170,32,33],"class_list":{"0":"post-107492","1":"post","2":"type-post","3":"status-publish","4":"format-standard","5":"has-post-thumbnail","7":"category-livros","8":"tag-books","9":"tag-entertainment","10":"tag-entretenimento","11":"tag-livros","12":"tag-portugal","13":"tag-pt"},"share_on_mastodon":{"url":"","error":""},"_links":{"self":[{"href":"https:\/\/www.europesays.com\/pt\/wp-json\/wp\/v2\/posts\/107492","targetHints":{"allow":["GET"]}}],"collection":[{"href":"https:\/\/www.europesays.com\/pt\/wp-json\/wp\/v2\/posts"}],"about":[{"href":"https:\/\/www.europesays.com\/pt\/wp-json\/wp\/v2\/types\/post"}],"author":[{"embeddable":true,"href":"https:\/\/www.europesays.com\/pt\/wp-json\/wp\/v2\/users\/2"}],"replies":[{"embeddable":true,"href":"https:\/\/www.europesays.com\/pt\/wp-json\/wp\/v2\/comments?post=107492"}],"version-history":[{"count":0,"href":"https:\/\/www.europesays.com\/pt\/wp-json\/wp\/v2\/posts\/107492\/revisions"}],"wp:featuredmedia":[{"embeddable":true,"href":"https:\/\/www.europesays.com\/pt\/wp-json\/wp\/v2\/media\/107493"}],"wp:attachment":[{"href":"https:\/\/www.europesays.com\/pt\/wp-json\/wp\/v2\/media?parent=107492"}],"wp:term":[{"taxonomy":"category","embeddable":true,"href":"https:\/\/www.europesays.com\/pt\/wp-json\/wp\/v2\/categories?post=107492"},{"taxonomy":"post_tag","embeddable":true,"href":"https:\/\/www.europesays.com\/pt\/wp-json\/wp\/v2\/tags?post=107492"}],"curies":[{"name":"wp","href":"https:\/\/api.w.org\/{rel}","templated":true}]}}