{"id":107494,"date":"2025-10-12T10:50:09","date_gmt":"2025-10-12T10:50:09","guid":{"rendered":"https:\/\/www.europesays.com\/pt\/107494\/"},"modified":"2025-10-12T10:50:09","modified_gmt":"2025-10-12T10:50:09","slug":"pedro-proenca-a-lira-e-roma-a-arder","status":"publish","type":"post","link":"https:\/\/www.europesays.com\/pt\/107494\/","title":{"rendered":"Pedro Proen\u00e7a, a lira e Roma a arder"},"content":{"rendered":"<p>Pedro Proen\u00e7a fechou o Football Summit com uma interven\u00e7\u00e3o, ontem \u00e0 tarde, onde parecia aquela lenda de Nero, que tocava lira (ou seria violino? \u2014 n\u00e3o importa, nunca aconteceu) enquanto Roma ardia.<\/p>\n<p>Percebo a vontade do presidente da Federa\u00e7\u00e3o Portuguesa de Futebol de fugir a pol\u00e9micas, mas caramba, numa conven\u00e7\u00e3o de quatro dias, foi provavelmente o painel mais desinteressante de todos.<\/p>\n<p>Proen\u00e7a tem o dom de falar muito sem dizer nada. Ontem, l\u00e1 disse que havia uma linha vermelha que poderia lev\u00e1-lo \u00e0 a\u00e7\u00e3o \u2014 \u00abQuando considerar que tenho de intervir, a\u00ed o farei. Mas dentro do sil\u00eancio, da tranquilidade, at\u00e9 l\u00e1 esperamos que as pr\u00f3prias organiza\u00e7\u00f5es encontrem os seus caminhos\u00bb, disse, defendendo a autorregula\u00e7\u00e3o, na Liga e n\u00e3o s\u00f3.<\/p>\n<p>\u00c9 curioso que o presidente da FPF, atendendo ao estado atual das coisas, ainda n\u00e3o tenha sentido necessidade de intervir, ainda n\u00e3o tenha sentido que essa linha vermelha foi ultrapassada.<\/p>\n<p>Enquanto isso, os clubes trocam acusa\u00e7\u00f5es, a centraliza\u00e7\u00e3o dos direitos televisivos parece condenada \u2014 a ver por tudo o que foi dito, at\u00e9, no pr\u00f3prio Football Summit \u2014, Portugal \u00e9 cada vez menos representativo no panorama europeu de futebol e a arbitragem \u00e9 cada vez mais contestada (e se nos outros temas se pode alegar que est\u00e3o sob al\u00e7ada da <a class=\"autolink-enabled\" data-resource-id=\"13\" data-resource-type=\"competition\" data-sport=\"football\" href=\"https:\/\/www.abola.pt\/futebol\/competicao\/liga-portugal-betclic-13\" rel=\"nofollow noopener\" target=\"_blank\">Liga<\/a>, neste caso \u00e9 a federa\u00e7\u00e3o que tem a responsabilidade).<\/p>\n<p>Mas tudo vai bem, e o objetivo \u00e9 que <a class=\"autolink-enabled\" data-resource-id=\"1651\" data-resource-type=\"team\" data-sport=\"football\" href=\"https:\/\/www.abola.pt\/futebol\/portugal-1651\" rel=\"nofollow noopener\" target=\"_blank\">Portugal<\/a> seja campe\u00e3o do Mundo. Talvez venha a s\u00ea-lo em 2026 \u2014 mas e o futuro? Do meio das cinzas de Roma, poder\u00e1 nascer uma Sele\u00e7\u00e3o t\u00e3o boa como a atual?<\/p>\n<p>Mesmo assim, justi\u00e7a seja feita a Proen\u00e7a: antes da interven\u00e7\u00e3o in\u00f3cua, respondeu a (duas?) perguntas dos jornalistas e l\u00e1 disse mais do que o habitual.<\/p>\n<p>Respondeu, por exemplo, \u00e0s bocas de Frederico Varandas, presidente do Sporting, sobre as simpatias club\u00edsticas dos dirigentes da federa\u00e7\u00e3o. N\u00e3o disse muito, e podia ter sido muito mais eficaz a diz\u00ea-lo, mas l\u00e1 desvalorizou a quest\u00e3o, garantindo a \u00abindepend\u00eancia\u00bb da sua equipa em rela\u00e7\u00e3o a press\u00f5es ou simpatias de clubes e assegurando que a escolha foi feita com crit\u00e9rios de \u00abcompet\u00eancia\u00bb, e n\u00e3o para preencher quotas de vermelho, verde ou azul.<\/p>\n<p>Mas se at\u00e9 quando responde \u00e9 pouco claro, como \u00e9 que podemos esperar do presidente da Federa\u00e7\u00e3o Portuguesa de Futebol que ajude a p\u00f4r na ordem o fuebol portugu\u00eas? Ou temos de contentar-nos com a sugest\u00e3o de que realmente n\u00e3o est\u00e1 a tocar lira, mas sim a trabalhar nos bastidores, e que se n\u00e3o fosse ele as coisas estariam ainda pior?&#8230;<\/p>\n","protected":false},"excerpt":{"rendered":"Pedro Proen\u00e7a fechou o Football Summit com uma interven\u00e7\u00e3o, ontem \u00e0 tarde, onde parecia aquela lenda de Nero,&hellip;\n","protected":false},"author":2,"featured_media":107495,"comment_status":"","ping_status":"","sticky":false,"template":"","format":"standard","meta":{"footnotes":""},"categories":[87],"tags":[135,32,33,134],"class_list":{"0":"post-107494","1":"post","2":"type-post","3":"status-publish","4":"format-standard","5":"has-post-thumbnail","7":"category-desporto","8":"tag-desporto","9":"tag-portugal","10":"tag-pt","11":"tag-sports"},"share_on_mastodon":{"url":"","error":""},"_links":{"self":[{"href":"https:\/\/www.europesays.com\/pt\/wp-json\/wp\/v2\/posts\/107494","targetHints":{"allow":["GET"]}}],"collection":[{"href":"https:\/\/www.europesays.com\/pt\/wp-json\/wp\/v2\/posts"}],"about":[{"href":"https:\/\/www.europesays.com\/pt\/wp-json\/wp\/v2\/types\/post"}],"author":[{"embeddable":true,"href":"https:\/\/www.europesays.com\/pt\/wp-json\/wp\/v2\/users\/2"}],"replies":[{"embeddable":true,"href":"https:\/\/www.europesays.com\/pt\/wp-json\/wp\/v2\/comments?post=107494"}],"version-history":[{"count":0,"href":"https:\/\/www.europesays.com\/pt\/wp-json\/wp\/v2\/posts\/107494\/revisions"}],"wp:featuredmedia":[{"embeddable":true,"href":"https:\/\/www.europesays.com\/pt\/wp-json\/wp\/v2\/media\/107495"}],"wp:attachment":[{"href":"https:\/\/www.europesays.com\/pt\/wp-json\/wp\/v2\/media?parent=107494"}],"wp:term":[{"taxonomy":"category","embeddable":true,"href":"https:\/\/www.europesays.com\/pt\/wp-json\/wp\/v2\/categories?post=107494"},{"taxonomy":"post_tag","embeddable":true,"href":"https:\/\/www.europesays.com\/pt\/wp-json\/wp\/v2\/tags?post=107494"}],"curies":[{"name":"wp","href":"https:\/\/api.w.org\/{rel}","templated":true}]}}