{"id":10750,"date":"2025-07-31T21:21:07","date_gmt":"2025-07-31T21:21:07","guid":{"rendered":"https:\/\/www.europesays.com\/pt\/10750\/"},"modified":"2025-07-31T21:21:07","modified_gmt":"2025-07-31T21:21:07","slug":"comitiva-de-balneario-camboriu-visita-biofabrica-do-metodo-wolbachia-em-joinville-prefeitura-de-balneario-camboriu","status":"publish","type":"post","link":"https:\/\/www.europesays.com\/pt\/10750\/","title":{"rendered":"Comitiva de Balne\u00e1rio Cambori\u00fa visita Biof\u00e1brica do M\u00e9todo Wolbachia em Joinville &#8211; Prefeitura de Balne\u00e1rio Cambori\u00fa"},"content":{"rendered":"<ol>\n<li><a href=\"https:\/\/news.google.com\/rss\/articles\/CBMiakFVX3lxTE9VNzBHa1hrMHBKeGZuY0lrM0VrUXpJZkVfN3UtTlVKb3cyYXpXR0RJdXZqcFlIbHBoc0F2N2dTNm5KQS1FVHFDaU9pUklETG1yWlFHaFJlNS1zQVB5QmIwS1RBOW5MalZ4a3c?oc=5\" target=\"_blank\" rel=\"nofollow noopener\">Comitiva de Balne\u00e1rio Cambori\u00fa visita Biof\u00e1brica do M\u00e9todo Wolbachia em Joinville<\/a>&nbsp;&nbsp;Prefeitura de Balne\u00e1rio Cambori\u00fa<\/li>\n<li><a href=\"https:\/\/news.google.com\/rss\/articles\/CBMiqgFBVV95cUxQNUl2RThjOVM2NnVSSURIeGlTaEx4TEluSy1Zbnc4WEM3SEI4Q2RLODVCV0N2VkNGQTBZLWJFUkdQek9iTzlCTHV0REl6VFV5UkZsN3lia202aHVrc0NDS1ZhMUxsUkRrTjdrRHhZY3RmOGFQSlliYmJqaTludzV0bEU2Yk44VUhWdFFlT1lfRWk4T3cydm5WMFZQX0tpczZpekxlWkJrSUI0dw?oc=5\" target=\"_blank\" rel=\"nofollow noopener\">Bill Gates n\u00e3o inaugurou biof\u00e1brica de mosquitos em Curitiba<\/a>&nbsp;&nbsp;Lupa | Home<\/li>\n<li><a href=\"https:\/\/news.google.com\/rss\/articles\/CBMiswFBVV95cUxQODQ5TDhBUWJQR0J2eExxd05pYlFzMWJwb0hmYkFfdGdUcVI0aVExc2hkWFo5QVFnRDJoQ21pRlBGWE5FUndXeks5ejVvSDFWUm5hYXNPcFNSNzZHVTlFWUhIcU9PcnU1LVF3al96QkFkZ3BlbTR0azJFMmE4Mi1nOERMazFtN2M2RzJ3aXA3SHVFSDN6Mkl2SWM0cExRZ1psRDlLZy1DMkdZcEZCZEM0dDB6aw?oc=5\" target=\"_blank\" rel=\"nofollow noopener\">Contra a dengue, DF come\u00e7a a usar Aedes aegypti infectado com bact\u00e9ria<\/a>&nbsp;&nbsp;Metr\u00f3poles<\/li>\n<li><a href=\"https:\/\/news.google.com\/rss\/articles\/CBMiwAFBVV95cUxPVkN5S0YtTFVHVTluVXNFdFlfOFByVGdzQjEtZW40LTVFaWNaeTBlSmxlYk5mZEluY1ZzVzN4VkQ4Z1hTUzFaeFNzQmlFckRqb3pwVFFBRzNNeWJyM3JUZlczN3NhNGU3UTFLcFo5VkNrcXN4OGctV05GWGg5SW5lYUtpVXhuMExXVmI1a2xMZ3BSR29RSU5LTGF6UnYydnVaNDB3TjRjWDdiOUlVUU1TemY2QVBDaGZaUkRjMUxCazg?oc=5\" target=\"_blank\" rel=\"nofollow noopener\">Presidente Prudente inaugura biof\u00e1brica pioneira no combate \u00e0 dengue em SP<\/a>&nbsp;&nbsp;R7<\/li>\n<li><a href=\"https:\/\/news.google.com\/rss\/articles\/CBMivwJBVV95cUxNZzFKYWFOS2tGNW1ZTzRvQlNKWTlzd1BYR25ZQ1FwTWZoWDBlNks1SXVubmxfcXFBSEJ5QXEwQnlWMWY4VkFLZ2RjN2U4dkp2cG0tLUFGUUdBYkg0UnUxREFoTTdYNHRSR21pTzNBTDUzYm9jalkwUC1VdFluS0hEN2I1cnJNajk3SHM4NjZfcG1KZ1Vka1pKNkVwekNEbjRyLXpUU0M1TWJyVExudGZyTUlqQXo4eGRWaDBOaGxOZjFycURQLS1CbW11djdNZlRYYkk1RkRUV1ZTcXZOLVJNbkpWZXNROXNNbnVMRC1VeG5qMXlULVhCN3lFbXczbGMzcjlEMXN2RVVJcUVHeDRBVVY1Y0VjckhTei1SYXdwa01KeHpCdFJ0S1V6M3pZbWFvMGdyd0dxQVZDaW9lb2Zv0gHOAkFVX3lxTE41aGwxYTdrRm5NR0t4bjN3Zll0bzUycDNMSkNmRDlieHFSVE1vblFILXBrOUdjSThPSnF5Vi1EQklQLUtWZ1cyMmdzN1NsSHozZjRPRDQxMGg1ZDVPcmxJNExmVFpqVzg0bFRndDlWcmIxb1ZNbS1IQkw3amE5WTcxVHdQS1Fkd1pOY0NwcGt5Z1VfM3k1VmRheEZ1SUtWcGI5TmJIeG1zbHJQUzJvVlNqVDU5VjRXc3MxQmxKTW10UTFDZXdOUVZieVcxSGMtcE9EeVFENjh5RWFqeFhnbWM2MDRRYTZxV3NXRnREWlZvOFpIWnhlX3c4MnE5TWhUMHVjNHkwajBuV3c3cnRSWC1PWW94NHZGUGxXRzJHX3l4ek1mak5CMlJuRWpBQkVHcEVZT2xvMTNzQkJ3bFFzZ3pReE1QMk90bm1jNG1rLXc?oc=5\" target=\"_blank\" rel=\"nofollow noopener\">Biof\u00e1brica que introduz bact\u00e9ria natural em ovos do Aedes aegypti para bloquear transmiss\u00e3o de arboviroses \u00e9 inaugurada em Presidente Prudente<\/a>&nbsp;&nbsp;G1<\/li>\n<\/ol>\n","protected":false},"excerpt":{"rendered":"Comitiva de Balne\u00e1rio Cambori\u00fa visita Biof\u00e1brica do M\u00e9todo Wolbachia em Joinville&nbsp;&nbsp;Prefeitura de Balne\u00e1rio Cambori\u00fa Bill Gates n\u00e3o inaugurou&hellip;\n","protected":false},"author":2,"featured_media":10751,"comment_status":"","ping_status":"","sticky":false,"template":"","format":"standard","meta":{"footnotes":""},"categories":[86],"tags":[116,32,3046,33,117],"class_list":{"0":"post-10750","1":"post","2":"type-post","3":"status-publish","4":"format-standard","5":"has-post-thumbnail","7":"category-saude","8":"tag-health","9":"tag-portugal","10":"tag-prefeitura","11":"tag-pt","12":"tag-saude"},"share_on_mastodon":{"url":"","error":""},"_links":{"self":[{"href":"https:\/\/www.europesays.com\/pt\/wp-json\/wp\/v2\/posts\/10750","targetHints":{"allow":["GET"]}}],"collection":[{"href":"https:\/\/www.europesays.com\/pt\/wp-json\/wp\/v2\/posts"}],"about":[{"href":"https:\/\/www.europesays.com\/pt\/wp-json\/wp\/v2\/types\/post"}],"author":[{"embeddable":true,"href":"https:\/\/www.europesays.com\/pt\/wp-json\/wp\/v2\/users\/2"}],"replies":[{"embeddable":true,"href":"https:\/\/www.europesays.com\/pt\/wp-json\/wp\/v2\/comments?post=10750"}],"version-history":[{"count":0,"href":"https:\/\/www.europesays.com\/pt\/wp-json\/wp\/v2\/posts\/10750\/revisions"}],"wp:featuredmedia":[{"embeddable":true,"href":"https:\/\/www.europesays.com\/pt\/wp-json\/wp\/v2\/media\/10751"}],"wp:attachment":[{"href":"https:\/\/www.europesays.com\/pt\/wp-json\/wp\/v2\/media?parent=10750"}],"wp:term":[{"taxonomy":"category","embeddable":true,"href":"https:\/\/www.europesays.com\/pt\/wp-json\/wp\/v2\/categories?post=10750"},{"taxonomy":"post_tag","embeddable":true,"href":"https:\/\/www.europesays.com\/pt\/wp-json\/wp\/v2\/tags?post=10750"}],"curies":[{"name":"wp","href":"https:\/\/api.w.org\/{rel}","templated":true}]}}