{"id":107506,"date":"2025-10-12T11:04:50","date_gmt":"2025-10-12T11:04:50","guid":{"rendered":"https:\/\/www.europesays.com\/pt\/107506\/"},"modified":"2025-10-12T11:04:50","modified_gmt":"2025-10-12T11:04:50","slug":"eis-os-numeros-do-arranque-de-temporada-pouco-goleadora-do-avancado-ex-sporting","status":"publish","type":"post","link":"https:\/\/www.europesays.com\/pt\/107506\/","title":{"rendered":"eis os n\u00fameros do arranque de temporada pouco goleadora do avan\u00e7ado ex-Sporting"},"content":{"rendered":"<p>&#8211; Advertisement &#8211;<\/p>\n<p><strong>Viktor Gyokeres est\u00e1 a fazer uma temporada menos goleadora que as duas \u00faltimas. Seca de golos prolongou-se do Arsenal \u00e0 Su\u00e9cia. <\/strong><\/p>\n<p>Viktor Gyokeres trocou o Sporting pelo Arsenal no mercado de ver\u00e3o, numa transfer\u00eancia antecedida por uma greve e falta de apresenta\u00e7\u00e3o nos trabalhos dos le\u00f5es. Depois de 97 golos em duas \u00e9pocas pelos le\u00f5es, a rela\u00e7\u00e3o de Viktor Gyokeres com os golos est\u00e1 num interregno.<\/p>\n<p>Esta tend\u00eancia, j\u00e1 eveidente no Arsenal, arrastou-se \u00e0 Su\u00e9cia, com o avan\u00e7ado a passar em branco na derrota diante da Su\u00e9cia. Os n\u00fameros do avan\u00e7ado s\u00e3o bem diferentes no que toca \u00e0s marcas goleadoras.<\/p>\n<p><strong>Eis alguns dos dados de Viktor Gyokeres em 2025\/26:<\/strong><\/p>\n<ul class=\"wp-block-list\">\n<li>Jogos consecutivos sem marcar: 7<\/li>\n<li>1 golo nos \u00faltimos 11 jogos<\/li>\n<li>3 golos e 1 assist\u00eancia em 13 jogos no total da temporada<\/li>\n<\/ul>\n<p>Continua a acompanhar as<a href=\"https:\/\/bolanarede.pt\/etiqueta\/viktor-gyokeres\/\" target=\"_blank\" rel=\"noreferrer noopener nofollow\"> \u00faltimas novidades sobre a sequela de Viktor Gyokeres. <\/a><\/p>\n","protected":false},"excerpt":{"rendered":"&#8211; Advertisement &#8211; Viktor Gyokeres est\u00e1 a fazer uma temporada menos goleadora que as duas \u00faltimas. Seca de&hellip;\n","protected":false},"author":2,"featured_media":82425,"comment_status":"","ping_status":"","sticky":false,"template":"","format":"standard","meta":{"footnotes":""},"categories":[87],"tags":[707,260,135,32,666,33,134,5928,1355],"class_list":{"0":"post-107506","1":"post","2":"type-post","3":"status-publish","4":"format-standard","5":"has-post-thumbnail","7":"category-desporto","8":"tag-arsenal","9":"tag-atualidade","10":"tag-desporto","11":"tag-portugal","12":"tag-premier-league","13":"tag-pt","14":"tag-sports","15":"tag-suecia","16":"tag-viktor-gyokeres"},"share_on_mastodon":{"url":"","error":""},"_links":{"self":[{"href":"https:\/\/www.europesays.com\/pt\/wp-json\/wp\/v2\/posts\/107506","targetHints":{"allow":["GET"]}}],"collection":[{"href":"https:\/\/www.europesays.com\/pt\/wp-json\/wp\/v2\/posts"}],"about":[{"href":"https:\/\/www.europesays.com\/pt\/wp-json\/wp\/v2\/types\/post"}],"author":[{"embeddable":true,"href":"https:\/\/www.europesays.com\/pt\/wp-json\/wp\/v2\/users\/2"}],"replies":[{"embeddable":true,"href":"https:\/\/www.europesays.com\/pt\/wp-json\/wp\/v2\/comments?post=107506"}],"version-history":[{"count":0,"href":"https:\/\/www.europesays.com\/pt\/wp-json\/wp\/v2\/posts\/107506\/revisions"}],"wp:featuredmedia":[{"embeddable":true,"href":"https:\/\/www.europesays.com\/pt\/wp-json\/wp\/v2\/media\/82425"}],"wp:attachment":[{"href":"https:\/\/www.europesays.com\/pt\/wp-json\/wp\/v2\/media?parent=107506"}],"wp:term":[{"taxonomy":"category","embeddable":true,"href":"https:\/\/www.europesays.com\/pt\/wp-json\/wp\/v2\/categories?post=107506"},{"taxonomy":"post_tag","embeddable":true,"href":"https:\/\/www.europesays.com\/pt\/wp-json\/wp\/v2\/tags?post=107506"}],"curies":[{"name":"wp","href":"https:\/\/api.w.org\/{rel}","templated":true}]}}