{"id":107511,"date":"2025-10-12T11:09:08","date_gmt":"2025-10-12T11:09:08","guid":{"rendered":"https:\/\/www.europesays.com\/pt\/107511\/"},"modified":"2025-10-12T11:09:08","modified_gmt":"2025-10-12T11:09:08","slug":"russia-atacou-instalacoes-militares-ucranianas-e-ucrania-atingiu-refinaria-de-petroleo-russa","status":"publish","type":"post","link":"https:\/\/www.europesays.com\/pt\/107511\/","title":{"rendered":"R\u00fassia atacou instala\u00e7\u00f5es militares ucranianas e Ucr\u00e2nia atingiu refinaria de petr\u00f3leo russa"},"content":{"rendered":"<p>                    Segundo a ag\u00eancia de not\u00edcias Tass, a for\u00e7a a\u00e9rea russa destruiu ainda 32 drones ucranianos durante a noite. <\/p>\n<p>Do outro lado, as For\u00e7as Armadas ucranianas afirmam que atacaram um dos maiores centros de refinaria russo, a pouco mais de um quil\u00f3metro da frente de batalha.<br \/>&#13;\n<\/p>\n<p>O presidente da Ucr\u00e2nia diz que a R\u00fassia est\u00e1 a aproveitar a aten\u00e7\u00e3o colocada no M\u00e9dio Oriente para intensificar os ataques ao pa\u00eds.<\/p>\n<p>Zelesnky falou ao telefone com Donald Trump este s\u00e1bado e insistiu na necessidade de refor\u00e7ar a defesa a\u00e9rea ucraniana.<br \/>&#13;\n<\/p>\n<p>          <img decoding=\"async\" itemprop=\"image\" class=\"img-fluid\"   src=\"https:\/\/www.europesays.com\/pt\/wp-content\/uploads\/2025\/10\/66497440e166cd72a046041ff7d2d545_N.jpg\"\/><\/p>\n<p><\/p>\n","protected":false},"excerpt":{"rendered":"Segundo a ag\u00eancia de not\u00edcias Tass, a for\u00e7a a\u00e9rea russa destruiu ainda 32 drones ucranianos durante a noite.&hellip;\n","protected":false},"author":2,"featured_media":107512,"comment_status":"","ping_status":"","sticky":false,"template":"","format":"standard","meta":{"footnotes":""},"categories":[50],"tags":[27,28,15,16,14,25,26,21,22,62,12,13,19,20,23,24,420,421,17,18,29,30,31,63,64,65],"class_list":{"0":"post-107511","1":"post","2":"type-post","3":"status-publish","4":"format-standard","5":"has-post-thumbnail","7":"category-mundo","8":"tag-breaking-news","9":"tag-breakingnews","10":"tag-featured-news","11":"tag-featurednews","12":"tag-headlines","13":"tag-latest-news","14":"tag-latestnews","15":"tag-main-news","16":"tag-mainnews","17":"tag-mundo","18":"tag-news","19":"tag-noticias","20":"tag-noticias-principais","21":"tag-noticiasprincipais","22":"tag-principais-noticias","23":"tag-principaisnoticias","24":"tag-rtp","25":"tag-rtp-noticias","26":"tag-top-stories","27":"tag-topstories","28":"tag-ultimas","29":"tag-ultimas-noticias","30":"tag-ultimasnoticias","31":"tag-world","32":"tag-world-news","33":"tag-worldnews"},"share_on_mastodon":{"url":"","error":""},"_links":{"self":[{"href":"https:\/\/www.europesays.com\/pt\/wp-json\/wp\/v2\/posts\/107511","targetHints":{"allow":["GET"]}}],"collection":[{"href":"https:\/\/www.europesays.com\/pt\/wp-json\/wp\/v2\/posts"}],"about":[{"href":"https:\/\/www.europesays.com\/pt\/wp-json\/wp\/v2\/types\/post"}],"author":[{"embeddable":true,"href":"https:\/\/www.europesays.com\/pt\/wp-json\/wp\/v2\/users\/2"}],"replies":[{"embeddable":true,"href":"https:\/\/www.europesays.com\/pt\/wp-json\/wp\/v2\/comments?post=107511"}],"version-history":[{"count":0,"href":"https:\/\/www.europesays.com\/pt\/wp-json\/wp\/v2\/posts\/107511\/revisions"}],"wp:featuredmedia":[{"embeddable":true,"href":"https:\/\/www.europesays.com\/pt\/wp-json\/wp\/v2\/media\/107512"}],"wp:attachment":[{"href":"https:\/\/www.europesays.com\/pt\/wp-json\/wp\/v2\/media?parent=107511"}],"wp:term":[{"taxonomy":"category","embeddable":true,"href":"https:\/\/www.europesays.com\/pt\/wp-json\/wp\/v2\/categories?post=107511"},{"taxonomy":"post_tag","embeddable":true,"href":"https:\/\/www.europesays.com\/pt\/wp-json\/wp\/v2\/tags?post=107511"}],"curies":[{"name":"wp","href":"https:\/\/api.w.org\/{rel}","templated":true}]}}