{"id":107513,"date":"2025-10-12T11:10:26","date_gmt":"2025-10-12T11:10:26","guid":{"rendered":"https:\/\/www.europesays.com\/pt\/107513\/"},"modified":"2025-10-12T11:10:26","modified_gmt":"2025-10-12T11:10:26","slug":"baleou-o-filho-de-tres-anos-ao-tentar-disparar-contra-a-mulher","status":"publish","type":"post","link":"https:\/\/www.europesays.com\/pt\/107513\/","title":{"rendered":"Baleou o filho de tr\u00eas anos ao tentar disparar contra a mulher"},"content":{"rendered":"<p>O pai do menino disparou contra ele durante uma alterca\u00e7\u00e3o familiar, em casa, situada no Caminho do Pinheiro, da freguesia de Garfe, concelho da P\u00f3voa de Lanhoso.<\/p>\n<p data-remotead-prev-elm=\"true\" data-remotead-elm-id=\"inread\">O disparo provocou ferimentos na perna da crian\u00e7a, que foi socorrida pelos Bombeiros Volunt\u00e1rios da P\u00f3voa de Lanhoso e encaminhada para a Urg\u00eancia Pedi\u00e1trica do Hospital Central de Braga.<\/p>\n<p>O homem, depois de ter atingido o filho, ainda efetuou um segundo disparo, que tal como o primeiro, teria como alvo a esposa, com quem discutia. No entanto, o proj\u00e9til passou rente \u00e0 mulher, que fugiu de casa com a crian\u00e7a e que se refugiou depois no Posto da GNR da P\u00f3voa de Lanhoso.<\/p>\n<p data-remotead-prev-elm=\"true\" data-remotead-elm-id=\"centro1\">O detido, de 36 anos, estava na posse da pistola, de calibre 6.35 mil\u00edmetros, com cerca de uma dezena de muni\u00e7\u00f5es, quando a GNR da P\u00f3voa de Lanhoso o deteve.<\/p>\n<p>A GNR entregou o suspeito, j\u00e1 detido por posse de arma ilegal e de muni\u00e7\u00f5es, \u00e0 Pol\u00edcia Judici\u00e1ria de Braga, que assumiu a investiga\u00e7\u00e3o.<\/p>\n<p data-remotead-prev-elm=\"true\" data-remotead-elm-id=\"centro2\">Ao que apurou o JN, o detido encontra-se nas instala\u00e7\u00f5es da Pol\u00edcia Judici\u00e1ria de Braga, estando indiciado por dois crimes de homic\u00eddio, ambos na forma tentada. Ser\u00e1 apresentado, na segunda-feira, \u00e0 ju\u00edza de instru\u00e7\u00e3o criminal de Guimar\u00e3es.<\/p>\n","protected":false},"excerpt":{"rendered":"O pai do menino disparou contra ele durante uma alterca\u00e7\u00e3o familiar, em casa, situada no Caminho do Pinheiro,&hellip;\n","protected":false},"author":2,"featured_media":107514,"comment_status":"","ping_status":"","sticky":false,"template":"","format":"standard","meta":{"footnotes":""},"categories":[10],"tags":[27,28,950,15,16,14,603,25,26,21,22,12,13,19,20,32,25736,23,24,33,25735,17,18,29,30,31,3218],"class_list":{"0":"post-107513","1":"post","2":"type-post","3":"status-publish","4":"format-standard","5":"has-post-thumbnail","7":"category-portugal","8":"tag-breaking-news","9":"tag-breakingnews","10":"tag-crianca","11":"tag-featured-news","12":"tag-featurednews","13":"tag-headlines","14":"tag-justica","15":"tag-latest-news","16":"tag-latestnews","17":"tag-main-news","18":"tag-mainnews","19":"tag-news","20":"tag-noticias","21":"tag-noticias-principais","22":"tag-noticiasprincipais","23":"tag-portugal","24":"tag-povoa-de-lanhoso","25":"tag-principais-noticias","26":"tag-principaisnoticias","27":"tag-pt","28":"tag-tentativa-de-homicidio","29":"tag-top-stories","30":"tag-topstories","31":"tag-ultimas","32":"tag-ultimas-noticias","33":"tag-ultimasnoticias","34":"tag-violencia-domestica"},"share_on_mastodon":{"url":"","error":""},"_links":{"self":[{"href":"https:\/\/www.europesays.com\/pt\/wp-json\/wp\/v2\/posts\/107513","targetHints":{"allow":["GET"]}}],"collection":[{"href":"https:\/\/www.europesays.com\/pt\/wp-json\/wp\/v2\/posts"}],"about":[{"href":"https:\/\/www.europesays.com\/pt\/wp-json\/wp\/v2\/types\/post"}],"author":[{"embeddable":true,"href":"https:\/\/www.europesays.com\/pt\/wp-json\/wp\/v2\/users\/2"}],"replies":[{"embeddable":true,"href":"https:\/\/www.europesays.com\/pt\/wp-json\/wp\/v2\/comments?post=107513"}],"version-history":[{"count":0,"href":"https:\/\/www.europesays.com\/pt\/wp-json\/wp\/v2\/posts\/107513\/revisions"}],"wp:featuredmedia":[{"embeddable":true,"href":"https:\/\/www.europesays.com\/pt\/wp-json\/wp\/v2\/media\/107514"}],"wp:attachment":[{"href":"https:\/\/www.europesays.com\/pt\/wp-json\/wp\/v2\/media?parent=107513"}],"wp:term":[{"taxonomy":"category","embeddable":true,"href":"https:\/\/www.europesays.com\/pt\/wp-json\/wp\/v2\/categories?post=107513"},{"taxonomy":"post_tag","embeddable":true,"href":"https:\/\/www.europesays.com\/pt\/wp-json\/wp\/v2\/tags?post=107513"}],"curies":[{"name":"wp","href":"https:\/\/api.w.org\/{rel}","templated":true}]}}