{"id":107515,"date":"2025-10-12T11:11:12","date_gmt":"2025-10-12T11:11:12","guid":{"rendered":"https:\/\/www.europesays.com\/pt\/107515\/"},"modified":"2025-10-12T11:11:12","modified_gmt":"2025-10-12T11:11:12","slug":"antonio-costa-e-antonio-guterres-juntos-na-cimeira-internacional-sobre-gaza","status":"publish","type":"post","link":"https:\/\/www.europesays.com\/pt\/107515\/","title":{"rendered":"Ant\u00f3nio Costa e Ant\u00f3nio Guterres juntos na cimeira internacional sobre Gaza"},"content":{"rendered":"<p>A cimeira vai decorrer em Sharm-el-Sheik, no Egipto, e conta com a presen\u00e7a de v\u00e1rios l\u00edderes mundiais, aos quais se junta Ant\u00f3nio Costa na qualidade de presidente do Conselho Europeu e Ant\u00f3nio Guterres, secret\u00e1rio-geral da ONU.<\/p>\n<p>Da lista de l\u00edderes faz parte\u00a0 presidente americano que ser\u00e1 recebido pelo presidente egipcio, Abdul Fattah al-Sisi e estar\u00e1 tamb\u00e9m o representante dos EUA para o M\u00e9dio Orientem Steve Witkoff.<\/p>\n<p>O primeiro-ministro brit\u00e2nico, Keir Starmer, e o presidente franc\u00eas, Emmanuel Macron, tamb\u00e9m j\u00e1 foram confirmados. A imprensa alem\u00e3 avan\u00e7a que o chanceler Friedrich Merz, &#8220;aceitou com gratid\u00e3o&#8221; o convite, num telefonema com al-Sisi.<\/p>\n<p>Foram enviados convites \u00e0 Alemanha, a Fran\u00e7a, ao Reino Unido, a It\u00e1lia, ao Qatar, aos Emirados \u00c1rabes Unidos, \u00e0 Jord\u00e2nia, \u00e0 Turquia, \u00e0 Ar\u00e1bia Saudita, ao Paquist\u00e3o e \u00e0 Indon\u00e9sia. Espanha tamb\u00e9m anunciou estar presente.<\/p>\n<p>O <a href=\"https:\/\/24noticias.sapo.pt\/atualidade\/artigos\/hamas-nao-estara-presente-na-assinatura-oficial-do-acordo-para-gaza-israel-tambem-em-duvida\" target=\"_blank\" rel=\"noreferrer noopener nofollow\">Hamas n\u00e3o estar\u00e1 presente<\/a> e Israel tamb\u00e9m est\u00e1 em d\u00favida.<\/p>\n<p><b id=\"s-b-embed-68\" data-stringify-type=\"bold\">A sua newsletter de sempre, agora ainda mais \u00fatil<\/b><\/p>\n<p>Com o lan\u00e7amento da nova marca de informa\u00e7\u00e3o\u00a0<b>24not\u00edcias<\/b>, estamos a mudar a plataforma de newsletters, aproveitando para refor\u00e7ar a informa\u00e7\u00e3o que os leitores mais valorizam:\u00a0<b>a que lhes \u00e9 \u00fatil, ajuda a tomar decis\u00f5es e a entender o mundo.<\/b><\/p>\n<p><b>Assine a nova newsletter do 24not\u00edcias\u00a0<\/b><b><a href=\"https:\/\/sapo.us1.list-manage.com\/subscribe?u=8f49263740b14ab5854be8045&amp;id=57a39c5e8f\" target=\"_blank\" id=\"s-a-embed-68\" rel=\"noreferrer noopener nofollow\" data-stringify-link=\"https:\/\/sapo.us1.list-manage.com\/subscribe?u=8f49263740b14ab5854be8045&amp;id=57a39c5e8f\" data-sk=\"tooltip_parent\">aqui<\/a><\/b><b>.<\/b><\/p>\n","protected":false},"excerpt":{"rendered":"A cimeira vai decorrer em Sharm-el-Sheik, no Egipto, e conta com a presen\u00e7a de v\u00e1rios l\u00edderes mundiais, aos&hellip;\n","protected":false},"author":2,"featured_media":107516,"comment_status":"","ping_status":"","sticky":false,"template":"","format":"standard","meta":{"footnotes":""},"categories":[8],"tags":[27,28,15,16,14,25,26,21,22,12,13,19,20,32,23,24,33,17,18,29,30,31],"class_list":{"0":"post-107515","1":"post","2":"type-post","3":"status-publish","4":"format-standard","5":"has-post-thumbnail","7":"category-principais-noticias","8":"tag-breaking-news","9":"tag-breakingnews","10":"tag-featured-news","11":"tag-featurednews","12":"tag-headlines","13":"tag-latest-news","14":"tag-latestnews","15":"tag-main-news","16":"tag-mainnews","17":"tag-news","18":"tag-noticias","19":"tag-noticias-principais","20":"tag-noticiasprincipais","21":"tag-portugal","22":"tag-principais-noticias","23":"tag-principaisnoticias","24":"tag-pt","25":"tag-top-stories","26":"tag-topstories","27":"tag-ultimas","28":"tag-ultimas-noticias","29":"tag-ultimasnoticias"},"share_on_mastodon":{"url":"","error":""},"_links":{"self":[{"href":"https:\/\/www.europesays.com\/pt\/wp-json\/wp\/v2\/posts\/107515","targetHints":{"allow":["GET"]}}],"collection":[{"href":"https:\/\/www.europesays.com\/pt\/wp-json\/wp\/v2\/posts"}],"about":[{"href":"https:\/\/www.europesays.com\/pt\/wp-json\/wp\/v2\/types\/post"}],"author":[{"embeddable":true,"href":"https:\/\/www.europesays.com\/pt\/wp-json\/wp\/v2\/users\/2"}],"replies":[{"embeddable":true,"href":"https:\/\/www.europesays.com\/pt\/wp-json\/wp\/v2\/comments?post=107515"}],"version-history":[{"count":0,"href":"https:\/\/www.europesays.com\/pt\/wp-json\/wp\/v2\/posts\/107515\/revisions"}],"wp:featuredmedia":[{"embeddable":true,"href":"https:\/\/www.europesays.com\/pt\/wp-json\/wp\/v2\/media\/107516"}],"wp:attachment":[{"href":"https:\/\/www.europesays.com\/pt\/wp-json\/wp\/v2\/media?parent=107515"}],"wp:term":[{"taxonomy":"category","embeddable":true,"href":"https:\/\/www.europesays.com\/pt\/wp-json\/wp\/v2\/categories?post=107515"},{"taxonomy":"post_tag","embeddable":true,"href":"https:\/\/www.europesays.com\/pt\/wp-json\/wp\/v2\/tags?post=107515"}],"curies":[{"name":"wp","href":"https:\/\/api.w.org\/{rel}","templated":true}]}}