{"id":107517,"date":"2025-10-12T11:12:08","date_gmt":"2025-10-12T11:12:08","guid":{"rendered":"https:\/\/www.europesays.com\/pt\/107517\/"},"modified":"2025-10-12T11:12:08","modified_gmt":"2025-10-12T11:12:08","slug":"a-obra-musical-mais-bonita-que-ja-foi-escrita-segundo-dave-grohl","status":"publish","type":"post","link":"https:\/\/www.europesays.com\/pt\/107517\/","title":{"rendered":"&#8216;A obra musical mais bonita que j\u00e1 foi escrita&#8217;, segundo Dave Grohl"},"content":{"rendered":"<p data-end=\"508\" data-start=\"268\" class=\"bullet mt-0\" data-v-232111b4=\"\">Dave Grohl, 56, \u00edcone do Nirvana e vocalista do Foo Fighters, surpreendeu os f\u00e3s ao revelar uma de suas m\u00fasicas favoritas n\u00e3o vem do rock ou do punk, mas sim de um cl\u00e1ssico suave dos anos 1970: &#8220;Never Let Her Slip Away&#8221;, de Andrew Gold.<\/p>\n<p>O que aconteceu<\/p>\n<p data-end=\"1027\" data-start=\"777\" class=\"bullet\" data-v-232111b4=\"\"><strong>O m\u00fasico j\u00e1 explicou que sua forma\u00e7\u00e3o musical veio de um repert\u00f3rio amplo<\/strong> \u2014 moldado ainda na inf\u00e2ncia, ouvindo r\u00e1dio AM no carro, com artistas como Phoebe Snow, Carly Simon e 10cc. Em entrevista ao podcast WTF, de Mark Maron, em 2013, ele mencionou a can\u00e7\u00e3o de Andrew Gold como um de suas favoritas.<\/p>\n<p data-end=\"1027\" data-start=\"777\" class=\"bullet\" data-v-232111b4=\"\">&#8216;Never Let Her Slip Away&#8217;, de Andrew Gold. Juro por Deus, essa m\u00fasica n\u00e3o \u00e9 um grande sucesso nos Estados Unidos, mas \u00e9 a obra musical mais linda j\u00e1 escrita <strong>Dave Grohl, ao podcast WTF<\/strong><\/p>\n","protected":false},"excerpt":{"rendered":"Dave Grohl, 56, \u00edcone do Nirvana e vocalista do Foo Fighters, surpreendeu os f\u00e3s ao revelar uma de&hellip;\n","protected":false},"author":2,"featured_media":107518,"comment_status":"","ping_status":"","sticky":false,"template":"","format":"standard","meta":{"footnotes":""},"categories":[145],"tags":[211,210,114,115,32,33],"class_list":{"0":"post-107517","1":"post","2":"type-post","3":"status-publish","4":"format-standard","5":"has-post-thumbnail","7":"category-celebridades","8":"tag-celebridades","9":"tag-celebrities","10":"tag-entertainment","11":"tag-entretenimento","12":"tag-portugal","13":"tag-pt"},"share_on_mastodon":{"url":"","error":""},"_links":{"self":[{"href":"https:\/\/www.europesays.com\/pt\/wp-json\/wp\/v2\/posts\/107517","targetHints":{"allow":["GET"]}}],"collection":[{"href":"https:\/\/www.europesays.com\/pt\/wp-json\/wp\/v2\/posts"}],"about":[{"href":"https:\/\/www.europesays.com\/pt\/wp-json\/wp\/v2\/types\/post"}],"author":[{"embeddable":true,"href":"https:\/\/www.europesays.com\/pt\/wp-json\/wp\/v2\/users\/2"}],"replies":[{"embeddable":true,"href":"https:\/\/www.europesays.com\/pt\/wp-json\/wp\/v2\/comments?post=107517"}],"version-history":[{"count":0,"href":"https:\/\/www.europesays.com\/pt\/wp-json\/wp\/v2\/posts\/107517\/revisions"}],"wp:featuredmedia":[{"embeddable":true,"href":"https:\/\/www.europesays.com\/pt\/wp-json\/wp\/v2\/media\/107518"}],"wp:attachment":[{"href":"https:\/\/www.europesays.com\/pt\/wp-json\/wp\/v2\/media?parent=107517"}],"wp:term":[{"taxonomy":"category","embeddable":true,"href":"https:\/\/www.europesays.com\/pt\/wp-json\/wp\/v2\/categories?post=107517"},{"taxonomy":"post_tag","embeddable":true,"href":"https:\/\/www.europesays.com\/pt\/wp-json\/wp\/v2\/tags?post=107517"}],"curies":[{"name":"wp","href":"https:\/\/api.w.org\/{rel}","templated":true}]}}