{"id":107521,"date":"2025-10-12T11:19:08","date_gmt":"2025-10-12T11:19:08","guid":{"rendered":"https:\/\/www.europesays.com\/pt\/107521\/"},"modified":"2025-10-12T11:19:08","modified_gmt":"2025-10-12T11:19:08","slug":"imagem-da-ilha-florianopolis-30","status":"publish","type":"post","link":"https:\/\/www.europesays.com\/pt\/107521\/","title":{"rendered":"Imagem da Ilha | Florian\u00f3polis"},"content":{"rendered":"<p>Publicado em <strong>12\/10\/2025<\/strong><\/p>\n<p style=\"text-align: justify;\">Com o envelhecimento da popula\u00e7\u00e3o brasileira, cresce tamb\u00e9m a import\u00e2ncia de pol\u00edticas e h\u00e1bitos que ajudem a preservar a sa\u00fade articular. Segundo dados do \u00faltimo Censo Demogr\u00e1fico do IBGE, em 2022 o Brasil j\u00e1 contava com mais de 22 milh\u00f5es de pessoas com 65 anos ou mais, o que corresponde a 10,9% da popula\u00e7\u00e3o total. O levantamento mostrou tamb\u00e9m que esse contingente cresceu 57,4% em apenas 12 anos, j\u00e1 que em 2010 os idosos nessa faixa representavam 7,4% da popula\u00e7\u00e3o.<\/p>\n<p style=\"text-align: justify;\"><strong><a href=\"https:\/\/imagemdailha.com.br\/noticias\/femina\/manter-idosos-ativos-e-necessario.html\" rel=\"nofollow noopener\" target=\"_blank\">Manter idosos ativos \u00e9 necess\u00e1rio?<\/a><\/strong><\/p>\n<p style=\"text-align: justify;\">Pensando em longevidade \u2014 isto \u00e9, em envelhecer com sa\u00fade, disposi\u00e7\u00e3o e autonomia para realizar as atividades do dia a dia \u2014 os cuidados com as articula\u00e7\u00f5es (joelho e quadril, em especial) s\u00e3o essenciais. Por isso, o m\u00e9dico ortopedista Dr. Mauro Meyer traz orienta\u00e7\u00f5es pr\u00e1ticas que ajudem a chegar \u00e0 terceira idade com menor risco de dor, limita\u00e7\u00e3o ou artrose.<\/p>\n<p style=\"text-align: justify;\">\u201cAs articula\u00e7\u00f5es s\u00e3o como engrenagens que sustentam todos os nossos movimentos, como caminhar, subir escadas, sentar, levantar. A falta de cuidado ao longo da vida pode gerar microles\u00f5es, desgastes na cartilagem e acelerar quadros de artrose, uma doen\u00e7a degenerativa que reduz mobilidade, causa dor e traz limita\u00e7\u00e3o de qualidade de vida,\u201d explica Dr. Mauro.<\/p>\n<p style=\"text-align: justify;\">7 dicas para cuidar das articula\u00e7\u00f5es desde cedo<\/p>\n<p style=\"text-align: justify;\">De acordo com o m\u00e9dico ortopedista, alguns cuidados b\u00e1sicos podem contribuir para a sa\u00fade dos joelhos e quadril. Como a artrose \u00e9 uma doen\u00e7a bastante atrelada ao avan\u00e7o da idade, evit\u00e1-la ou atrasar ao m\u00e1ximo a sua progress\u00e3o, pode reduzir a necessidade de tratamentos futuros mais invasivos, como \u00e9 o caso das cirurgias que substituem as articula\u00e7\u00f5es por pr\u00f3teses ortop\u00e9dicas.<\/p>\n<p style=\"text-align: justify;\">Mantenha o peso corporal saud\u00e1vel<\/p>\n<p style=\"text-align: justify;\">De acordo com Dr. Mauro, cada quilo a mais sobre o corpo aumenta bastante a tens\u00e3o sobre joelhos e quadris. A obesidade ou sobrepeso cr\u00f4nico levam a uma sobrecarga mec\u00e2nica que acelera o desgaste da cartilagem. \u201cAl\u00e9m disso, gordura corporal em excesso produz subst\u00e2ncias inflamat\u00f3rias que contribuem para processos degenerativos nas articula\u00e7\u00f5es\u201d, alerta.<\/p>\n<p style=\"text-align: justify;\">Pratique atividades f\u00edsicas regulares com orienta\u00e7\u00e3o<\/p>\n<p style=\"text-align: justify;\">Fortalecer a musculatura de sustenta\u00e7\u00e3o, como quadr\u00edceps, gl\u00fateos e core &#8211; uma rede complexa de m\u00fasculos localizados na regi\u00e3o central do corpo -, ajuda a absorver impactos e proteger as articula\u00e7\u00f5es. \u201cAtividades de baixo impacto como nata\u00e7\u00e3o, ciclismo, hidrogin\u00e1stica e caminhada em terreno plano s\u00e3o recomendadas. Mas tamb\u00e9m vale intercalar com exerc\u00edcios de resist\u00eancia, sob supervis\u00e3o, para manter aptid\u00e3o funcional\u201d, orienta o m\u00e9dico.<\/p>\n<p style=\"text-align: justify;\">Evite excessos e sobrecargas repetitivas<\/p>\n<p style=\"text-align: justify;\">Embora a atividade f\u00edsica seja essencial, Dr. Mauro alerta sobre os excessos. \u201cTreinos muito pesados sem recupera\u00e7\u00e3o, esportes de alto impacto e saltos constantes podem gerar microtraumas que somam e comprometem a articula\u00e7\u00e3o mais \u00e0 frente\u201d, aponta. O ideal \u00e9 dosar a intensidade, respeitar per\u00edodos de descanso, variar tipos de exerc\u00edcio, e sempre que poss\u00edvel usar cal\u00e7ados adequados e pisos seguros.<\/p>\n<p style=\"text-align: justify;\">Cuide da postura e da mec\u00e2nica de movimento<\/p>\n<p style=\"text-align: justify;\">O m\u00e9dico destaca que algumas condi\u00e7\u00f5es anat\u00f4micas, como desvios no joelho, (conhecidos como valgo), p\u00e9s planos, e at\u00e9 mesmo h\u00e1bitos posturais ruins ao andar ou se sentar, podem for\u00e7ar articula\u00e7\u00f5es que n\u00e3o foram projetadas para aquela carga.<\/p>\n<p style=\"text-align: justify;\">\u201cPor isso \u00e9 importante que sejam feitas peri\u00f3dicas avalia\u00e7\u00f5es com fisioterapeutas ou ortopedistas, profissionais que podem indicar a necessidade do uso de palmilhas e corre\u00e7\u00e3o postural, por exemplo. Pr\u00e1ticas como pilates ou yoga podem tamb\u00e9m ajudar bastante a manter o alinhamento adequado\u201d, explica Dr. Mauro Meyer.<\/p>\n<p style=\"text-align: justify;\">Previna les\u00f5es esportivas<\/p>\n<p style=\"text-align: justify;\">Uma ruptura de menisco, de ligamento cruzado ou outras les\u00f5es articulares, mesmo ap\u00f3s tratamento, j\u00e1 elevam o risco de artrose futura. Portanto, segundo o especialista, \u00e9 preciso se aquecer bem antes das pr\u00e1ticas, fortalecer m\u00fasculos ao redor da articula\u00e7\u00e3o, progredir de forma gradual nos esportes e treinos, e buscar diagn\u00f3stico imediato em caso de dor ou incha\u00e7o persistente.<\/p>\n<p style=\"text-align: justify;\">Alimenta\u00e7\u00e3o equilibrada e cuidados metab\u00f3licos<\/p>\n<p style=\"text-align: justify;\">Dr. Mauro lembra que a nutri\u00e7\u00e3o adequada exerce papel duplo: fornece os nutrientes para manuten\u00e7\u00e3o da cartilagem e dos ossos, e previne a inflama\u00e7\u00e3o cr\u00f4nica, o que desacelera a degenera\u00e7\u00e3o das articula\u00e7\u00f5es. \u201c\u00c9 preciso incluir alimentos ricos em \u00f4mega-3, frutas e vegetais ricos em antioxidantes, prote\u00ednas de qualidade, al\u00e9m de garantir n\u00edveis adequados de vitamina D e c\u00e1lcio. Evitar dietas excessivamente ricas em alimentos ultraprocessados, com muito a\u00e7\u00facar e gordura saturada, \u00e9 outro ponto relevante\u201d, comenta.<\/p>\n<p style=\"text-align: justify;\">Diagn\u00f3stico precoce de sintomas e acompanhamento<\/p>\n<p style=\"text-align: justify;\">Ao notar sintomas inc\u00f4modos, como dor persistente, estalos, rigidez ou dificuldade de movimenta\u00e7\u00e3o, \u00e9 recomendada a busca por ajuda m\u00e9dica. Dr. Mauro explica que esses ind\u00edcios n\u00e3o s\u00e3o normais e devem ser investigados. Diferentes doen\u00e7as, ainda que sejam leves, quando identificadas precocemente permitem interven\u00e7\u00f5es menos invasivas, fisioterapia e ajustes de estilo de vida que podem impedir ou retardar uma evolu\u00e7\u00e3o para artrose avan\u00e7ada.<\/p>\n<p style=\"text-align: justify;\">\u201cVale destacar que todas essas medidas n\u00e3o garantem que nunca haver\u00e1 problema, pois fatores gen\u00e9ticos, tra\u00e7os anat\u00f4micos individuais e hist\u00f3rico traum\u00e1tico fazem parte da equa\u00e7\u00e3o. Mas o que vejo na pr\u00e1tica cl\u00ednica \u00e9 que quem adota esses cuidados desde cedo chega \u00e0 terceira idade com muito menos dor, muito mais mobilidade, independ\u00eancia e qualidade de vida. \u00c9 bem mais f\u00e1cil prevenir ou retardar danos, do que tentar restaurar articula\u00e7\u00f5es j\u00e1 bastante lesionadas\u201d, conclui o m\u00e9dico ortopedista.<\/p>\n<p style=\"text-align: justify;\">\u00a0<\/p>\n<p style=\"text-align: justify;\">\u00a0<\/p>\n<p style=\"text-align: justify;\">\u00a0<\/p>\n<p style=\"text-align: justify;\">\u00a0<\/p>\n<p style=\"box-sizing: border-box; margin: 0px 0px 10px; padding: 0px; border: 0px; outline: none; font-size: 16px; vertical-align: baseline; color: rgb(102, 102, 102); line-height: 24px; font-family: &quot;Trebuchet MS&quot;, Arial, Tahoma;\">Da reda\u00e7\u00e3o<\/p>\n<p style=\"box-sizing: border-box; margin: 0px 0px 10px; padding: 0px; border: 0px; outline: none; font-size: 16px; vertical-align: baseline; color: rgb(102, 102, 102); line-height: 24px;\">Fonte:\u00a0Zimmer Biomet\u00a0<\/p>\n<p style=\"box-sizing: border-box; margin: 0px 0px 10px; padding: 0px; border: 0px; outline: none; font-size: 16px; vertical-align: baseline; color: rgb(102, 102, 102); line-height: 24px; font-family: &quot;Trebuchet MS&quot;, Arial, Tahoma;\">Para receber not\u00edcias,\u00a0clique\u00a0<a href=\"https:\/\/chat.whatsapp.com\/CFudj9vrDqCG5PX537SAuZ\" style=\"box-sizing: border-box; margin: 0px; padding: 0px; border: 0px; outline: none; text-decoration-line: none; color: rgb(168, 38, 39);\" rel=\"nofollow noopener\" target=\"_blank\">AQUI<\/a>\u00a0e fa\u00e7a\u00a0parte do Grupo de\u00a0WHATS do\u00a0Imagem da Ilha.<\/p>\n<p style=\"box-sizing: border-box; margin: 0px 0px 10px; padding: 0px; border: 0px; outline: none; font-size: 16px; vertical-align: baseline; color: rgb(102, 102, 102); line-height: 24px; font-family: &quot;Trebuchet MS&quot;, Arial, Tahoma;\"><strong style=\"border:0px; box-sizing:border-box; font-weight:bold; margin:0px; outline:none; padding:0px; vertical-align:baseline\">Gostou deste conte\u00fado?\u00a0Compartilhe utilizando um dos \u00edcones abaixo!<\/strong><\/p>\n<p style=\"box-sizing: border-box; margin: 0px 0px 10px; padding: 0px; border: 0px; outline: none; font-size: 16px; vertical-align: baseline; color: rgb(102, 102, 102); line-height: 24px; font-family: &quot;Trebuchet MS&quot;, Arial, Tahoma;\"><strong style=\"border:0px; box-sizing:border-box; font-weight:bold; margin:0px; outline:none; padding:0px; vertical-align:baseline\">Pode ser no seu Face, Twitter ou WhatsApp!<\/strong><\/p>\n<p style=\"box-sizing: border-box; margin: 0px 0px 10px; padding: 0px; border: 0px; outline: none; font-size: 16px; vertical-align: baseline; color: rgb(102, 102, 102); line-height: 24px; font-family: &quot;Trebuchet MS&quot;, Arial, Tahoma;\">Para mais not\u00edcias,<strong style=\"border:0px; box-sizing:border-box; font-weight:bold; margin:0px; outline:none; padding:0px; vertical-align:baseline\">\u00a0clique<\/strong>\u00a0<a href=\"http:\/\/www.imagemdailha.com.br\/\" style=\"box-sizing: border-box; margin: 0px; padding: 0px; border: 0px; outline: none; text-decoration-line: none; color: rgb(168, 38, 39);\" rel=\"nofollow noopener\" target=\"_blank\">AQUI<\/a><\/p>\n","protected":false},"excerpt":{"rendered":"Publicado em 12\/10\/2025 Com o envelhecimento da popula\u00e7\u00e3o brasileira, cresce tamb\u00e9m a import\u00e2ncia de pol\u00edticas e h\u00e1bitos que&hellip;\n","protected":false},"author":2,"featured_media":107522,"comment_status":"","ping_status":"","sticky":false,"template":"","format":"standard","meta":{"footnotes":""},"categories":[86],"tags":[116,32,33,117],"class_list":{"0":"post-107521","1":"post","2":"type-post","3":"status-publish","4":"format-standard","5":"has-post-thumbnail","7":"category-saude","8":"tag-health","9":"tag-portugal","10":"tag-pt","11":"tag-saude"},"share_on_mastodon":{"url":"","error":""},"_links":{"self":[{"href":"https:\/\/www.europesays.com\/pt\/wp-json\/wp\/v2\/posts\/107521","targetHints":{"allow":["GET"]}}],"collection":[{"href":"https:\/\/www.europesays.com\/pt\/wp-json\/wp\/v2\/posts"}],"about":[{"href":"https:\/\/www.europesays.com\/pt\/wp-json\/wp\/v2\/types\/post"}],"author":[{"embeddable":true,"href":"https:\/\/www.europesays.com\/pt\/wp-json\/wp\/v2\/users\/2"}],"replies":[{"embeddable":true,"href":"https:\/\/www.europesays.com\/pt\/wp-json\/wp\/v2\/comments?post=107521"}],"version-history":[{"count":0,"href":"https:\/\/www.europesays.com\/pt\/wp-json\/wp\/v2\/posts\/107521\/revisions"}],"wp:featuredmedia":[{"embeddable":true,"href":"https:\/\/www.europesays.com\/pt\/wp-json\/wp\/v2\/media\/107522"}],"wp:attachment":[{"href":"https:\/\/www.europesays.com\/pt\/wp-json\/wp\/v2\/media?parent=107521"}],"wp:term":[{"taxonomy":"category","embeddable":true,"href":"https:\/\/www.europesays.com\/pt\/wp-json\/wp\/v2\/categories?post=107521"},{"taxonomy":"post_tag","embeddable":true,"href":"https:\/\/www.europesays.com\/pt\/wp-json\/wp\/v2\/tags?post=107521"}],"curies":[{"name":"wp","href":"https:\/\/api.w.org\/{rel}","templated":true}]}}