{"id":107527,"date":"2025-10-12T11:24:33","date_gmt":"2025-10-12T11:24:33","guid":{"rendered":"https:\/\/www.europesays.com\/pt\/107527\/"},"modified":"2025-10-12T11:24:33","modified_gmt":"2025-10-12T11:24:33","slug":"gnr-reforca-patrulhamento-nas-principais-vias-de-acesso-a-fatima-e-deixa-recomendacoes-aos-peregrinos","status":"publish","type":"post","link":"https:\/\/www.europesays.com\/pt\/107527\/","title":{"rendered":"GNR refor\u00e7a patrulhamento nas principais vias de acesso a F\u00e1tima e deixa recomenda\u00e7\u00f5es aos peregrinos"},"content":{"rendered":"<p class=\"category\"><a href=\"https:\/\/sicnoticias.pt\/pais\" rel=\"nofollow noopener\" target=\"_blank\">Pa\u00eds<\/a><\/p>\n<p>A GNR vai ter um \u201cdispositivo especial de seguran\u00e7a\u201d, entre os dias 12 e 13 de outubro, nos acessos \u00e0 cidade de F\u00e1tima. S\u00e3o esperados no Santu\u00e1rio \u201cmilhares de peregrinos\u201d, pelo que h\u00e1 recomenda\u00e7\u00f5es e interdi\u00e7\u00f5es previstas para garantir a seguran\u00e7a de todos.<\/p>\n<p><img decoding=\"async\" src=\"https:\/\/www.europesays.com\/pt\/wp-content\/uploads\/2025\/10\/1760268273_504_original.webp\" alt=\"GNR refor\u00e7a patrulhamento nas principais vias de acesso a F\u00e1tima e deixa recomenda\u00e7\u00f5es aos peregrinos\"\/><\/p>\n<p>Luis Diaz Devesa<\/p>\n<p><strong>Entre os dias 12 e 13 deste m\u00eas, a <\/strong><a href=\"https:\/\/www.gnr.pt\/\" target=\"_blank\" rel=\"noopener noreferrer nofollow\"><strong>Guarda Nacional Republicana (GNR)<\/strong><\/a><strong> vai ter na cidade de F\u00e1tima uma opera\u00e7\u00e3o especial &#8211; \u201cTrindade 2025\u201d. Por se tratar de um \u201cevento de grande impacto a n\u00edvel nacional e internacional que re\u00fane milhares de peregrinos\u201d, a GNR vai intensificar o patrulhamento e deixa recomenda\u00e7\u00f5es a quem pretende deslocar-se \u00e0 cidade.<\/strong><\/p>\n<blockquote><p>\u201c(\u2026) a GNR ir\u00e1 implementar um dispositivo especial de seguran\u00e7a e intensificar\u00e1 as a\u00e7\u00f5es de patrulhamento nas principais vias de acesso \u00e0 cidade de F\u00e1tima, focando-se em tr\u00eas principais \u00e1reas de atua\u00e7\u00e3o\u201d, destaca o comunicado enviado \u00e0s reda\u00e7\u00f5es.<\/p><\/blockquote>\n<p>Esses \u00e1reas de atua\u00e7\u00e3o e refor\u00e7o do patrulhamento centram-se na \u201c<strong>seguran\u00e7a rodovi\u00e1ria e a fluidez de tr\u00e2nsito nos acessos a F\u00e1tima<\/strong>\u201d, na \u201c<strong>preven\u00e7\u00e3o de il\u00edcitos, incivilidades ou altera\u00e7\u00f5es da ordem p\u00fablica<\/strong>\u201d, bem como na garantir de um \u201c<strong>clima de tranquilidade e seguran\u00e7a durante todo o evento, atrav\u00e9s de uma atua\u00e7\u00e3o de sensibiliza\u00e7\u00e3o e apoio aos peregrinos<\/strong>\u201d.<\/p>\n<p>No terreno durante as \u201ccelebra\u00e7\u00f5es religiosas no dia 13 de outubro\u201d, estar\u00e3o empenhados \u201cmeios do dispositivo territorial, de tr\u00e2nsito, da estrutura de investiga\u00e7\u00e3o criminal, de patrulhamento ciclo e a cavalo, de ordem p\u00fablica e opera\u00e7\u00f5es especiais, inativa\u00e7\u00e3o de explosivos e vigil\u00e2ncia com recurso a Unmanned Aircraft Systems (UAS), vulgarmente conhecido por drones, e sistema de videovigil\u00e2ncia\u201d.<\/p>\n<p>A GNR relembra, ali\u00e1s, que \u201cna <strong>zona do Santu\u00e1rio de F\u00e1tima e em toda a sua envolv\u00eancia, haver\u00e1 interdi\u00e7\u00e3o tempor\u00e1ria do espa\u00e7o a\u00e9reo, pelo que n\u00e3o est\u00e3o autorizados voos de drones<\/strong>\u201d.<\/p>\n<p>Aos peregrinos e visitantes, que pretendem deslocar-se \u00e0 cidade nestes dias, a <strong>GNR deixa algumas recomenda\u00e7\u00f5es<\/strong>:<\/p>\n<ul>\n<li value=\"1\">chegue atempadamente a fim de evitar filas prolongadas;<\/li>\n<li value=\"2\">identifique, memorize ou fotografe o local onde estaciona a sua viatura ou do local de desembarque do autocarro;<\/li>\n<li value=\"3\">n\u00e3o deixe pertences \u00e0 vista no interior dos ve\u00edculos;<\/li>\n<li value=\"4\">n\u00e3o deixe documentos pessoais nos ve\u00edculos, tenha-os sempre consigo;<\/li>\n<li value=\"5\">transporte a carteira\/telem\u00f3vel em local pr\u00f3ximo do corpo;<\/li>\n<li value=\"6\">evite ter em sua posse grandes quantias de dinheiro;<\/li>\n<li value=\"7\">n\u00e3o transporte consigo bens de valor, nem objetos que sejam ostensivos;<\/li>\n<li value=\"8\">tenha sempre o telem\u00f3vel com bateria e o contacto dos demais elementos do grupo;<\/li>\n<li value=\"9\">ap\u00f3s o t\u00e9rmino das cerim\u00f3nias, a sa\u00edda deve ser calma e gradual, evitando momentos de maior aflu\u00eancia;<\/li>\n<li value=\"10\">n\u00e3o perca de vista os idosos e crian\u00e7as que o acompanham.<\/li>\n<\/ul>\n","protected":false},"excerpt":{"rendered":"Pa\u00eds A GNR vai ter um \u201cdispositivo especial de seguran\u00e7a\u201d, entre os dias 12 e 13 de outubro,&hellip;\n","protected":false},"author":2,"featured_media":107528,"comment_status":"","ping_status":"","sticky":false,"template":"","format":"standard","meta":{"footnotes":""},"categories":[10],"tags":[27,28,15,16,14,25,26,21,22,12,13,19,20,32,23,24,33,17,18,29,30,31],"class_list":{"0":"post-107527","1":"post","2":"type-post","3":"status-publish","4":"format-standard","5":"has-post-thumbnail","7":"category-portugal","8":"tag-breaking-news","9":"tag-breakingnews","10":"tag-featured-news","11":"tag-featurednews","12":"tag-headlines","13":"tag-latest-news","14":"tag-latestnews","15":"tag-main-news","16":"tag-mainnews","17":"tag-news","18":"tag-noticias","19":"tag-noticias-principais","20":"tag-noticiasprincipais","21":"tag-portugal","22":"tag-principais-noticias","23":"tag-principaisnoticias","24":"tag-pt","25":"tag-top-stories","26":"tag-topstories","27":"tag-ultimas","28":"tag-ultimas-noticias","29":"tag-ultimasnoticias"},"share_on_mastodon":{"url":"","error":""},"_links":{"self":[{"href":"https:\/\/www.europesays.com\/pt\/wp-json\/wp\/v2\/posts\/107527","targetHints":{"allow":["GET"]}}],"collection":[{"href":"https:\/\/www.europesays.com\/pt\/wp-json\/wp\/v2\/posts"}],"about":[{"href":"https:\/\/www.europesays.com\/pt\/wp-json\/wp\/v2\/types\/post"}],"author":[{"embeddable":true,"href":"https:\/\/www.europesays.com\/pt\/wp-json\/wp\/v2\/users\/2"}],"replies":[{"embeddable":true,"href":"https:\/\/www.europesays.com\/pt\/wp-json\/wp\/v2\/comments?post=107527"}],"version-history":[{"count":0,"href":"https:\/\/www.europesays.com\/pt\/wp-json\/wp\/v2\/posts\/107527\/revisions"}],"wp:featuredmedia":[{"embeddable":true,"href":"https:\/\/www.europesays.com\/pt\/wp-json\/wp\/v2\/media\/107528"}],"wp:attachment":[{"href":"https:\/\/www.europesays.com\/pt\/wp-json\/wp\/v2\/media?parent=107527"}],"wp:term":[{"taxonomy":"category","embeddable":true,"href":"https:\/\/www.europesays.com\/pt\/wp-json\/wp\/v2\/categories?post=107527"},{"taxonomy":"post_tag","embeddable":true,"href":"https:\/\/www.europesays.com\/pt\/wp-json\/wp\/v2\/tags?post=107527"}],"curies":[{"name":"wp","href":"https:\/\/api.w.org\/{rel}","templated":true}]}}