{"id":107551,"date":"2025-10-12T11:42:27","date_gmt":"2025-10-12T11:42:27","guid":{"rendered":"https:\/\/www.europesays.com\/pt\/107551\/"},"modified":"2025-10-12T11:42:27","modified_gmt":"2025-10-12T11:42:27","slug":"rucelia-ximenes-lanca-livro-abrindo-caminhos-com-memorias-de-cinco-decadas-de-moda-e-arte","status":"publish","type":"post","link":"https:\/\/www.europesays.com\/pt\/107551\/","title":{"rendered":"Ruc\u00e9lia Ximenes lan\u00e7a livro \u201cAbrindo Caminhos\u201d com mem\u00f3rias de cinco d\u00e9cadas de moda e arte"},"content":{"rendered":"<p>A artista <a href=\"https:\/\/www.instagram.com\/ruceliaximenes\/\" target=\"_blank\" rel=\"noopener nofollow\"><strong>Ruc\u00e9lia Ximenes<\/strong><\/a> apresenta na pr\u00f3xima quinta-feira (16), na <a href=\"https:\/\/revistazelo.com.br\/cerrado-galeria-destaca-a-producao-artistica-do-centro-oeste-durante-a-sp-arte-2025\/\" target=\"_blank\" rel=\"noopener nofollow\"><strong>Cerrado Galeria de Arte<\/strong><\/a>, o livro <strong>\u201cAbrindo Caminhos\u201d<\/strong>. A publica\u00e7\u00e3o, re\u00fane mem\u00f3rias de sua carreira na moda e na arte, constru\u00eddas ao longo de 50 anos. Com edi\u00e7\u00e3o bil\u00edngue em portugu\u00eas e ingl\u00eas, a obra traz a dramaturgia como fio condutor, refletindo a escolha da artista por uma linguagem c\u00eanica em suas cria\u00e7\u00f5es.<\/p>\n<p>O projeto consumiu dez anos de elabora\u00e7\u00e3o e contou com a participa\u00e7\u00e3o direta de Ruc\u00e9lia, que assinou a cria\u00e7\u00e3o, coordena\u00e7\u00e3o editorial, pagina\u00e7\u00e3o e projeto gr\u00e1fico. O livro \u00e9 amplamente ilustrado com fotografias e montagens que percorrem sua trajet\u00f3ria.<\/p>\n<p><strong>Nas ruas e na televis\u00e3o<\/strong><\/p>\n<p>Reconhecida por levar a dramaturgia para o cotidiano, Ruc\u00e9lia costuma vestir e desfilar suas pr\u00f3prias cria\u00e7\u00f5es em ruas da Europa e dos Estados Unidos durante viagens de pesquisa. \u201cAbrindo Caminhos\u201d tamb\u00e9m re\u00fane registros de experi\u00eancias em museus, universidades, exposi\u00e7\u00f5es e produ\u00e7\u00f5es para televis\u00e3o.<\/p>\n<p>Grande parte de seu acervo vem da TV, resultado de 35 anos de colabora\u00e7\u00e3o como figurinista da Rede Globo. Entre as produ\u00e7\u00f5es, est\u00e3o novelas como \u201cA Indomada\u201d, \u201cSelva de Pedra\u201d, \u201cO Cravo e a Rosa\u201d, \u201cOrgulho e Paix\u00e3o\u201d, \u201cA Gata Comeu\u201d, \u201cSenhora do Destino\u201d e \u201cLado a Lado\u201d, esta \u00faltima vencedora do Emmy Internacional.<\/p>\n<p>\u201cAcolheram a minha arte, que \u00e9 maior que eu. Tive o prazer de registrar todos os momentos com imagens, mostrando um trabalho que caminha para se eternizar. A beleza \u00e9 um ato de amor, de doa\u00e7\u00e3o, um momento com Deus. Beleza n\u00e3o se compra\u201d, afirma Ruc\u00e9lia.<\/p>\n<p><strong>Da arquitetura \u00e0 moda autoral<\/strong><\/p>\n<p>Nascida em Piracanjuba (GO), Ruc\u00e9lia iniciou a faculdade de arquitetura antes de se dedicar ao universo da moda. Em 1980, inaugurou uma loja no S\u00e3o Conrado Fashion Mall, no Rio de Janeiro, onde permaneceu at\u00e9 1995. Com apenas dois funcion\u00e1rios, chamou aten\u00e7\u00e3o pela moda autoral e artesanal, com destaque para a produ\u00e7\u00e3o de cal\u00e7ados destinados a clientes no Brasil e no exterior.<\/p>\n<p>Antes disso, j\u00e1 desenvolvia trabalhos em artes visuais e figurinos para eventos, como o Show do Esqueleto. Sua obra reflete elementos da natureza, s\u00e3o flores, p\u00e1ssaros, couro, rendas, sedas e pinturas em degrad\u00ea, e foi pioneira ao inserir a ecologia como refer\u00eancia est\u00e9tica na moda.<\/p>\n<p><strong>Publica\u00e7\u00f5es<\/strong><\/p>\n<p>Em 2014, lan\u00e7ou \u201cA Arte de Fazer Arte na Moda Humanizada\u201d, livro que sintetizou duas d\u00e9cadas de trajet\u00f3ria. Agora, com \u201cAbrindo Caminhos\u201d, apresenta materiais in\u00e9ditos e amplia o registro de sua produ\u00e7\u00e3o, que tamb\u00e9m se expandiu para o ambiente digital e redes sociais.<\/p>\n<p><strong>Servi\u00e7o: Lan\u00e7amento do livro \u201cAbrindo Caminhos\u201d, de Ruc\u00e9lia Ximenes<\/strong><\/p>\n<p><strong>Data:<\/strong> 16 de outubro<br \/><strong>Local:<\/strong> Cerrado Galeria de Arte \u2013 Rua 84, 61 \u2013 St. Sul, Goi\u00e2nia \u2013 GO<\/p>\n<p>\t\t\t\t<script async src=\"\/\/www.instagram.com\/embed.js\"><\/script><\/p>\n","protected":false},"excerpt":{"rendered":"A artista Ruc\u00e9lia Ximenes apresenta na pr\u00f3xima quinta-feira (16), na Cerrado Galeria de Arte, o livro \u201cAbrindo Caminhos\u201d.&hellip;\n","protected":false},"author":2,"featured_media":107552,"comment_status":"","ping_status":"","sticky":false,"template":"","format":"standard","meta":{"footnotes":""},"categories":[143],"tags":[169,114,115,170,32,33],"class_list":{"0":"post-107551","1":"post","2":"type-post","3":"status-publish","4":"format-standard","5":"has-post-thumbnail","7":"category-livros","8":"tag-books","9":"tag-entertainment","10":"tag-entretenimento","11":"tag-livros","12":"tag-portugal","13":"tag-pt"},"share_on_mastodon":{"url":"","error":""},"_links":{"self":[{"href":"https:\/\/www.europesays.com\/pt\/wp-json\/wp\/v2\/posts\/107551","targetHints":{"allow":["GET"]}}],"collection":[{"href":"https:\/\/www.europesays.com\/pt\/wp-json\/wp\/v2\/posts"}],"about":[{"href":"https:\/\/www.europesays.com\/pt\/wp-json\/wp\/v2\/types\/post"}],"author":[{"embeddable":true,"href":"https:\/\/www.europesays.com\/pt\/wp-json\/wp\/v2\/users\/2"}],"replies":[{"embeddable":true,"href":"https:\/\/www.europesays.com\/pt\/wp-json\/wp\/v2\/comments?post=107551"}],"version-history":[{"count":0,"href":"https:\/\/www.europesays.com\/pt\/wp-json\/wp\/v2\/posts\/107551\/revisions"}],"wp:featuredmedia":[{"embeddable":true,"href":"https:\/\/www.europesays.com\/pt\/wp-json\/wp\/v2\/media\/107552"}],"wp:attachment":[{"href":"https:\/\/www.europesays.com\/pt\/wp-json\/wp\/v2\/media?parent=107551"}],"wp:term":[{"taxonomy":"category","embeddable":true,"href":"https:\/\/www.europesays.com\/pt\/wp-json\/wp\/v2\/categories?post=107551"},{"taxonomy":"post_tag","embeddable":true,"href":"https:\/\/www.europesays.com\/pt\/wp-json\/wp\/v2\/tags?post=107551"}],"curies":[{"name":"wp","href":"https:\/\/api.w.org\/{rel}","templated":true}]}}