{"id":107580,"date":"2025-10-12T12:05:24","date_gmt":"2025-10-12T12:05:24","guid":{"rendered":"https:\/\/www.europesays.com\/pt\/107580\/"},"modified":"2025-10-12T12:05:24","modified_gmt":"2025-10-12T12:05:24","slug":"nato-marcelo-critica-sugestao-de-trump-de-expulsar-espanha-observador","status":"publish","type":"post","link":"https:\/\/www.europesays.com\/pt\/107580\/","title":{"rendered":"NATO. Marcelo critica sugest\u00e3o de Trump de expulsar Espanha \u2013 Observador"},"content":{"rendered":"<p>O Presidente da Rep\u00fablica considerou este s\u00e1bado que a sugest\u00e3o do Presidente norte-americano de expulsar a Espanha da NATO, por n\u00e3o cumprir os seus compromissos de gastos com a Defesa, \u201cn\u00e3o faz sentido\u201d e \u00e9 \u201cuma forma de press\u00e3o\u201d.<\/p>\n<p>\u201cSejamos claros que a expuls\u00e3o de um pa\u00eds da NATO n\u00e3o \u00e9 assim uma coisa do p\u00e9 para a m\u00e3o. N\u00e3o faz sentido. \u00c9 uma for\u00e7a de express\u00e3o, uma forma de press\u00e3o, uma forma de exteriorizar diverg\u00eancias ou pontos de vista diferentes\u201d, disse Marcelo Rebelo de Sousa, quando questionado sobre o assunto em Tallin, \u00e0 margem de um encontro bilateral com o seu hom\u00f3logo da Est\u00f3nia, Alar Karis.<\/p>\n<p>O chefe de Estado sublinhou que \u201ca Espanha n\u00e3o recusou vir a aumentar o seu investimento na Defesa, <strong>apenas disse que isso ia ser num tempo um pouco diverso e depois, na f\u00f3rmula final, chegou-se at\u00e9 a um ponto de consenso que foi aceite pela NATO\u201d<\/strong>.<\/p>\n<p>Marcelo Rebelo de Sousa acrescentou que, \u201cno caso portugu\u00eas, Portugal, j\u00e1 no or\u00e7amento para o ano que vem [OE2026], que foi apresentado,<a href=\"https:\/\/observador.pt\/2025\/10\/09\/orcamento-da-defesa-com-subida-sem-precedentes-governo-arruma-maior-parte-do-aumento-em-gaveta-sem-destino-claro\/\" rel=\"nofollow noopener\" target=\"_blank\"> refor\u00e7a o investimento em Defesa<\/a>, est\u00e1 a refor\u00e7ar em capacidades e est\u00e1 a refor\u00e7ar, e deve refor\u00e7ar, em recursos humanos\u201d.<\/p>\n<p>\u201cE um dos pontos que eu tenho insistido, e vou insistir at\u00e9 ao fim do meu mandato [\u2026], \u00e9 o do estatuto da condi\u00e7\u00e3o militar. N\u00f3s precisamos de ter mais militares, mas, para isso, temos de oferecer melhores condi\u00e7\u00f5es aos militares, sen\u00e3o eles n\u00e3o entram ou entram e depois saem [\u2026] e n\u00f3s precisamos de manter For\u00e7as Armadas com um elemento fundamental, que \u00e9 o elemento humano\u201d, disse.<\/p>\n<p>Num encontro em Washington na \u00faltima quinta-feira, <a href=\"https:\/\/observador.pt\/2025\/10\/10\/nao-tem-desculpa-para-nao-o-fazer-trump-sugere-expulsar-espanha-da-nato-por-nao-cumprir-gastos-na-defesa\/\" rel=\"nofollow noopener\" target=\"_blank\">Trump sugeriu ao seu hom\u00f3logo finland\u00eas, Alexander Stubb, que \u201ctalvez devessem expulsar\u201d Espanha da NATO<\/a> por n\u00e3o cumprir os compromissos de gastos com a defesa da alian\u00e7a.<\/p>\n<p>\u201cN\u00e3o t\u00eam desculpa para n\u00e3o o fazer. Mas est\u00e1 tudo bem. Talvez devessem expuls\u00e1-los da NATO, francamente\u201d, frisou o Presidente norte-americano.<\/p>\n<p>\u201cTivemos um retardat\u00e1rio, que foi Espanha\u201d, salientou Trump na Sala Oval, referindo-se ao acordo da Alian\u00e7a Atl\u00e2ntica, da qual Portugal faz parte, de alocar 5% do PIB dos pa\u00edses-membros para as despesas de defesa.<\/p>\n<p>A \u00faltima cimeira da NATO, em junho nos Pa\u00edses Baixos, resultou na concord\u00e2ncia geral dos aliados com um novo compromisso de elevar gradualmente, at\u00e9 2035, o investimento anual em Defesa e despesas relacionadas para 5% do PIB.<\/p>\n<p>No entanto, a Espanha rejeitou esta meta mais elevada de 5%, considerando-a \u201cirracional\u201d e, em alternativa, chegou a um acordo para ficar de fora do compromisso, ficando-se pelas suas obriga\u00e7\u00f5es com a alian\u00e7a de gastar 2,1% do PIB em Defesa.<\/p>\n<p>Espanha j\u00e1 tinha declarado a sua inten\u00e7\u00e3o de atingir antecipadamente a anterior meta da NATO de 2% do PIB em despesas de Defesa at\u00e9 ao final de 2025, em vez da data original de 2029.<\/p>\n<p>                            Se tiver uma hist\u00f3ria que queira partilhar sobre irregularidades na sua autarquia, preencha<br \/>\n                            <a href=\"https:\/\/forms.gle\/uQ1gDpSwmRd7ezUf8\" target=\"_blank\" rel=\"noopener noreferrer nofollow\">este formul\u00e1rio an\u00f3nimo<\/a>.<\/p>\n","protected":false},"excerpt":{"rendered":"O Presidente da Rep\u00fablica considerou este s\u00e1bado que a sugest\u00e3o do Presidente norte-americano de expulsar a Espanha da&hellip;\n","protected":false},"author":2,"featured_media":107581,"comment_status":"","ping_status":"","sticky":false,"template":"","format":"standard","meta":{"footnotes":""},"categories":[50],"tags":[624,27,28,92,640,623,445,15,16,14,25,26,21,22,62,3400,12,13,19,20,302,589,11312,23,24,17,18,29,30,31,63,64,65],"class_list":{"0":"post-107580","1":"post","2":"type-post","3":"status-publish","4":"format-standard","5":"has-post-thumbnail","7":"category-mundo","8":"tag-amu00e9rica","9":"tag-breaking-news","10":"tag-breakingnews","11":"tag-donald-trump","12":"tag-espanha","13":"tag-estados-unidos-da-amu00e9rica","14":"tag-europa","15":"tag-featured-news","16":"tag-featurednews","17":"tag-headlines","18":"tag-latest-news","19":"tag-latestnews","20":"tag-main-news","21":"tag-mainnews","22":"tag-mundo","23":"tag-nato","24":"tag-news","25":"tag-noticias","26":"tag-noticias-principais","27":"tag-noticiasprincipais","28":"tag-polu00edtica","29":"tag-presidente-da-repu00fablica","30":"tag-presidente-marcelo","31":"tag-principais-noticias","32":"tag-principaisnoticias","33":"tag-top-stories","34":"tag-topstories","35":"tag-ultimas","36":"tag-ultimas-noticias","37":"tag-ultimasnoticias","38":"tag-world","39":"tag-world-news","40":"tag-worldnews"},"share_on_mastodon":{"url":"","error":""},"_links":{"self":[{"href":"https:\/\/www.europesays.com\/pt\/wp-json\/wp\/v2\/posts\/107580","targetHints":{"allow":["GET"]}}],"collection":[{"href":"https:\/\/www.europesays.com\/pt\/wp-json\/wp\/v2\/posts"}],"about":[{"href":"https:\/\/www.europesays.com\/pt\/wp-json\/wp\/v2\/types\/post"}],"author":[{"embeddable":true,"href":"https:\/\/www.europesays.com\/pt\/wp-json\/wp\/v2\/users\/2"}],"replies":[{"embeddable":true,"href":"https:\/\/www.europesays.com\/pt\/wp-json\/wp\/v2\/comments?post=107580"}],"version-history":[{"count":0,"href":"https:\/\/www.europesays.com\/pt\/wp-json\/wp\/v2\/posts\/107580\/revisions"}],"wp:featuredmedia":[{"embeddable":true,"href":"https:\/\/www.europesays.com\/pt\/wp-json\/wp\/v2\/media\/107581"}],"wp:attachment":[{"href":"https:\/\/www.europesays.com\/pt\/wp-json\/wp\/v2\/media?parent=107580"}],"wp:term":[{"taxonomy":"category","embeddable":true,"href":"https:\/\/www.europesays.com\/pt\/wp-json\/wp\/v2\/categories?post=107580"},{"taxonomy":"post_tag","embeddable":true,"href":"https:\/\/www.europesays.com\/pt\/wp-json\/wp\/v2\/tags?post=107580"}],"curies":[{"name":"wp","href":"https:\/\/api.w.org\/{rel}","templated":true}]}}