{"id":107584,"date":"2025-10-12T12:08:18","date_gmt":"2025-10-12T12:08:18","guid":{"rendered":"https:\/\/www.europesays.com\/pt\/107584\/"},"modified":"2025-10-12T12:08:18","modified_gmt":"2025-10-12T12:08:18","slug":"marcia-soares-revela-pormenor-insolito-sobre-o-nome-quem-me-conhece-sabe-o-que-sofro-secret-story","status":"publish","type":"post","link":"https:\/\/www.europesays.com\/pt\/107584\/","title":{"rendered":"Marcia Soares revela pormenor ins\u00f3lito sobre o nome: \u00abQuem me conhece sabe o que sofro\u00bb &#8211; Secret Story"},"content":{"rendered":"<p data-end=\"561\" data-start=\"241\"><strong>Marcia Soares <\/strong>surpreendeu os seguidores com uma revela\u00e7\u00e3o curiosa. A comentadora da TVI explicou, nas redes sociais, que o seu nome verdadeiro n\u00e3o leva acento, por ter sido registado no Luxemburgo, pa\u00eds onde nasceu. <strong>\u00abQuem me conhece sabe o que sofro por o meu nome ser Marcia sem acento\u00bb<\/strong>, desabafou.<\/p>\n<p data-end=\"561\" data-start=\"241\">Desde a sua participa\u00e7\u00e3o no <strong>Big Brother<\/strong>,\u00a0<strong><a href=\"https:\/\/tvi.iol.pt\/secretstory\/search?pagina=1&amp;pesquisa=marcia+soares\" rel=\"nofollow noopener\" target=\"_blank\">Marcia<\/a><\/strong>\u00a0tem-se afirmado como<strong> uma das personalidades mais comentadas da hist\u00f3ria dos reality shows<\/strong>. Nas redes sociais, a sua autenticidade e presen\u00e7a marcante fazem dela um verdadeiro fen\u00f3meno, capaz de transformar cada publica\u00e7\u00e3o em tema de conversa.<\/p>\n","protected":false},"excerpt":{"rendered":"Marcia Soares surpreendeu os seguidores com uma revela\u00e7\u00e3o curiosa. A comentadora da TVI explicou, nas redes sociais, que&hellip;\n","protected":false},"author":2,"featured_media":107585,"comment_status":"","ping_status":"","sticky":false,"template":"","format":"standard","meta":{"footnotes":""},"categories":[145],"tags":[18706,211,210,114,115,18705,2038,32,33,18704],"class_list":{"0":"post-107584","1":"post","2":"type-post","3":"status-publish","4":"format-standard","5":"has-post-thumbnail","7":"category-celebridades","8":"tag-bastidores-secret-story","9":"tag-celebridades","10":"tag-celebrities","11":"tag-entertainment","12":"tag-entretenimento","13":"tag-entrevistas-concorrentes-tvi","14":"tag-marcia-soares","15":"tag-portugal","16":"tag-pt","17":"tag-vida-fora-da-casa"},"share_on_mastodon":{"url":"","error":""},"_links":{"self":[{"href":"https:\/\/www.europesays.com\/pt\/wp-json\/wp\/v2\/posts\/107584","targetHints":{"allow":["GET"]}}],"collection":[{"href":"https:\/\/www.europesays.com\/pt\/wp-json\/wp\/v2\/posts"}],"about":[{"href":"https:\/\/www.europesays.com\/pt\/wp-json\/wp\/v2\/types\/post"}],"author":[{"embeddable":true,"href":"https:\/\/www.europesays.com\/pt\/wp-json\/wp\/v2\/users\/2"}],"replies":[{"embeddable":true,"href":"https:\/\/www.europesays.com\/pt\/wp-json\/wp\/v2\/comments?post=107584"}],"version-history":[{"count":0,"href":"https:\/\/www.europesays.com\/pt\/wp-json\/wp\/v2\/posts\/107584\/revisions"}],"wp:featuredmedia":[{"embeddable":true,"href":"https:\/\/www.europesays.com\/pt\/wp-json\/wp\/v2\/media\/107585"}],"wp:attachment":[{"href":"https:\/\/www.europesays.com\/pt\/wp-json\/wp\/v2\/media?parent=107584"}],"wp:term":[{"taxonomy":"category","embeddable":true,"href":"https:\/\/www.europesays.com\/pt\/wp-json\/wp\/v2\/categories?post=107584"},{"taxonomy":"post_tag","embeddable":true,"href":"https:\/\/www.europesays.com\/pt\/wp-json\/wp\/v2\/tags?post=107584"}],"curies":[{"name":"wp","href":"https:\/\/api.w.org\/{rel}","templated":true}]}}