{"id":107600,"date":"2025-10-12T12:20:26","date_gmt":"2025-10-12T12:20:26","guid":{"rendered":"https:\/\/www.europesays.com\/pt\/107600\/"},"modified":"2025-10-12T12:20:26","modified_gmt":"2025-10-12T12:20:26","slug":"caminha-mar-devolve-areia-retirada-veja-como-esta-o-areal-de-moledo-agora-fotos","status":"publish","type":"post","link":"https:\/\/www.europesays.com\/pt\/107600\/","title":{"rendered":"Caminha: Mar devolve areia retirada. Veja como est\u00e1 o areal de Moledo agora [FOTOS]"},"content":{"rendered":"<p>Sem qualquer interven\u00e7\u00e3o humana, <strong>o areal da praia de Moledo est\u00e1 a regressar \u00e0 normalidade.<\/strong><\/p>\n<p>\u00a0<\/p>\n<p>Recorde-se que, nos \u00faltimos meses, <strong>a a\u00e7\u00e3o do mar retirou uma quantidade significativa de areia deixando expostos os tubos protetores de geot\u00eaxtil.<\/strong><\/p>\n<p>\u00a0<\/p>\n<p>A R\u00e1dio Vale do Minho esteve no local e obteve imagens de <strong>um areal extenso onde a natureza se encarregou de repor o que havia retirado.<\/strong><\/p>\n<p>\u00a0<\/p>\n<p>\u00a0<\/p>\n<p>\u00a0<\/p>\n<p><img loading=\"lazy\" decoding=\"async\" class=\"size-full wp-image-233250 aligncenter\" src=\"https:\/\/www.europesays.com\/pt\/wp-content\/uploads\/2025\/10\/moledo1.jpg\" alt=\"\" width=\"1024\" height=\"768\"  \/><\/p>\n<p>[cr\u00e9dito fotografia: R\u00e1dio Vale do Minho]<\/p>\n<p>\u00a0<\/p>\n<p>\u00a0<\/p>\n<p>\u00a0<\/p>\n<p><img loading=\"lazy\" decoding=\"async\" class=\"size-full wp-image-233251 aligncenter\" src=\"https:\/\/www.europesays.com\/pt\/wp-content\/uploads\/2025\/10\/moledo2.jpg\" alt=\"\" width=\"1024\" height=\"768\"  \/><\/p>\n<p>[cr\u00e9dito fotografia: R\u00e1dio Vale do Minho]<\/p>\n<p>\u00a0<\/p>\n<p>\u00a0<\/p>\n<p><img loading=\"lazy\" decoding=\"async\" class=\"size-full wp-image-233252 aligncenter\" src=\"https:\/\/www.europesays.com\/pt\/wp-content\/uploads\/2025\/10\/moledo3.jpg\" alt=\"\" width=\"1024\" height=\"768\"  \/><\/p>\n<p>[cr\u00e9dito fotografia: R\u00e1dio Vale do Minho]<\/p>\n<p>\u00a0<\/p>\n<p>\u00a0<\/p>\n<p>\u00a0<\/p>\n<p>Recorde-se que a Praia de Moledo venceu a edi\u00e7\u00e3o deste ano do Pr\u00e9mio Cinco Estrelas Regi\u00f5es, na categoria Praias.<\/p>\n<p>\u00a0<\/p>\n<p>De acordo com a organiza\u00e7\u00e3o, a sele\u00e7\u00e3o dos vencedores\u00a0<strong>\u201cenvolveu um rigoroso processo de avalia\u00e7\u00e3o\u201d, contando com a participa\u00e7\u00e3o de 498.660 consumidores<\/strong>, os quais analisaram mais de 1.022 marcas.<\/p>\n<p>\u00a0<\/p>\n<p>Destas, apenas 141 alcan\u00e7aram o estatuto Cinco Estrelas, ou seja,\u00a0<strong>pouco mais de 13% do total analisado.<\/strong><\/p>\n<p>\u00a0<\/p>\n<p>O Pr\u00e9mio Cinco Estrelas Regi\u00f5es tem por principal objetivo\u00a0<strong>\u201cdistinguir o que de melhor se faz em Portugal, contribuindo para a valoriza\u00e7\u00e3o do patrim\u00f3nio, cultura e tecido empresarial do nosso pa\u00eds\u201d.<\/strong><\/p>\n<p>\u00a0<\/p>\n<p>\u00a0<\/p>\n<p>\u00a0<\/p>\n<p>[cr\u00e9dito fotografia capa: R\u00e1dio Vale do Minho]<\/p>\n","protected":false},"excerpt":{"rendered":"Sem qualquer interven\u00e7\u00e3o humana, o areal da praia de Moledo est\u00e1 a regressar \u00e0 normalidade. \u00a0 Recorde-se que,&hellip;\n","protected":false},"author":2,"featured_media":107601,"comment_status":"","ping_status":"","sticky":false,"template":"","format":"standard","meta":{"footnotes":""},"categories":[10],"tags":[27,28,15,16,14,25,26,21,22,12,13,19,20,32,23,24,33,17,18,29,30,31],"class_list":{"0":"post-107600","1":"post","2":"type-post","3":"status-publish","4":"format-standard","5":"has-post-thumbnail","7":"category-portugal","8":"tag-breaking-news","9":"tag-breakingnews","10":"tag-featured-news","11":"tag-featurednews","12":"tag-headlines","13":"tag-latest-news","14":"tag-latestnews","15":"tag-main-news","16":"tag-mainnews","17":"tag-news","18":"tag-noticias","19":"tag-noticias-principais","20":"tag-noticiasprincipais","21":"tag-portugal","22":"tag-principais-noticias","23":"tag-principaisnoticias","24":"tag-pt","25":"tag-top-stories","26":"tag-topstories","27":"tag-ultimas","28":"tag-ultimas-noticias","29":"tag-ultimasnoticias"},"share_on_mastodon":{"url":"","error":""},"_links":{"self":[{"href":"https:\/\/www.europesays.com\/pt\/wp-json\/wp\/v2\/posts\/107600","targetHints":{"allow":["GET"]}}],"collection":[{"href":"https:\/\/www.europesays.com\/pt\/wp-json\/wp\/v2\/posts"}],"about":[{"href":"https:\/\/www.europesays.com\/pt\/wp-json\/wp\/v2\/types\/post"}],"author":[{"embeddable":true,"href":"https:\/\/www.europesays.com\/pt\/wp-json\/wp\/v2\/users\/2"}],"replies":[{"embeddable":true,"href":"https:\/\/www.europesays.com\/pt\/wp-json\/wp\/v2\/comments?post=107600"}],"version-history":[{"count":0,"href":"https:\/\/www.europesays.com\/pt\/wp-json\/wp\/v2\/posts\/107600\/revisions"}],"wp:featuredmedia":[{"embeddable":true,"href":"https:\/\/www.europesays.com\/pt\/wp-json\/wp\/v2\/media\/107601"}],"wp:attachment":[{"href":"https:\/\/www.europesays.com\/pt\/wp-json\/wp\/v2\/media?parent=107600"}],"wp:term":[{"taxonomy":"category","embeddable":true,"href":"https:\/\/www.europesays.com\/pt\/wp-json\/wp\/v2\/categories?post=107600"},{"taxonomy":"post_tag","embeddable":true,"href":"https:\/\/www.europesays.com\/pt\/wp-json\/wp\/v2\/tags?post=107600"}],"curies":[{"name":"wp","href":"https:\/\/api.w.org\/{rel}","templated":true}]}}