{"id":107617,"date":"2025-10-12T12:36:29","date_gmt":"2025-10-12T12:36:29","guid":{"rendered":"https:\/\/www.europesays.com\/pt\/107617\/"},"modified":"2025-10-12T12:36:29","modified_gmt":"2025-10-12T12:36:29","slug":"carmo-dalla-vecchia-transforma-sorriso-apos-receber-critica-sobre-aparencia-celebridades","status":"publish","type":"post","link":"https:\/\/www.europesays.com\/pt\/107617\/","title":{"rendered":"Carmo Dalla Vecchia transforma sorriso ap\u00f3s receber cr\u00edtica sobre apar\u00eancia | Celebridades"},"content":{"rendered":"<p>                                        Carmo transformado para interpretar o Reverendo Paris em pe\u00e7a &#8211; Reprodu\u00e7\u00e3o\/Instagram<\/p>\n<p class=\"content-media__description\">Carmo transformado para interpretar o Reverendo Paris em pe\u00e7aReprodu\u00e7\u00e3o\/Instagram<\/p>\n<p>                                                        Publicado 11\/10\/2025 14:08 | Atualizado 11\/10\/2025 14:59\n                    <\/p>\n<p>Rio &#8211; Ap\u00f3s o ator Carmo Dalla Vecchia, de 55 anos, detonar um internauta que criticou a sua apar\u00eancia, ele mudou o sorriso para se despedir do personagem que interpretou na pe\u00e7a &#8220;Bruxas de Sal\u00e9m&#8221;, de Arthur Miller.<\/p>\n<p>O artista postou o antes e depois no Instagram com a legenda: &#8220;Me despedindo do Reverendo Paris! Essa personagem t\u00e3o forte e marcante pra mim.&#8221;<\/p>\n<p>\u00a0<\/p>\n<p>        &#13;<br \/>\n            fotogaleria&#13;<br \/>\n            &#13;<\/p>\n<p>                                <img decoding=\"async\" width=\"1920\" alt=\"Carmo Dalla Vecchia mostra o antes e depois do seu sorriso - Reprodu\u00e7\u00e3o\/Instagram\" class=\"lazyload\" src=\"https:\/\/www.europesays.com\/pt\/wp-content\/uploads\/2025\/10\/carmo-37226057.jpg\"\/><\/p>\n<p>                                <img decoding=\"async\" width=\"1920\" alt=\"Carmo transformado para interpretar o Reverendo Paris em pe\u00e7a - Reprodu\u00e7\u00e3o\/Instagram\" class=\"lazyload\" src=\"https:\/\/www.europesays.com\/pt\/wp-content\/uploads\/2025\/10\/carmo-37226067.jpg\"\/><\/p>\n<p>O artista havia quebrado o pr\u00f3prio dente para o papel, al\u00e9m de ter descolorido o cabelo, sobrancelha, cavanhaque e bigode.<\/p>\n<p>Quando viu o ator com a apar\u00eancia transformada para viver o Reverendo, um internauta comentou: &#8220;E pensar que ele j\u00e1 foi lindo.&#8221;<\/p>\n<p>Carmo, como sempre, n\u00e3o deixou passar despercebido e respondeu a pessoa: &#8220;E posso voltar a ser. Padr\u00e3o, basta querer. Apesar de me achar gato assim. Mas posso voltar a agradar \u00e0 mediocridade quando quiser. E voc\u00ea? J\u00e1 foi lindo alguma vez? Ter\u00e1 essa chance de voltar a ser aquilo que esperam de voc\u00ea, f\u00e1cil como seria para mim? Basta cortar o cabelo e colocar um dente, porque o shape t\u00e1 f*d*! 55 anos com 12% de gordura pesando 100 kg? Quem tem isso? Estou achando que teus peit** est\u00e3o de \u00edndia velha com o mamilo triste apontando para baixo. Acertei?&#8221;.<\/p>\n","protected":false},"excerpt":{"rendered":"Carmo transformado para interpretar o Reverendo Paris em pe\u00e7a &#8211; Reprodu\u00e7\u00e3o\/Instagram Carmo transformado para interpretar o Reverendo Paris&hellip;\n","protected":false},"author":2,"featured_media":107618,"comment_status":"","ping_status":"","sticky":false,"template":"","format":"standard","meta":{"footnotes":""},"categories":[145],"tags":[25762,11712,211,210,955,114,115,32,33,25763],"class_list":{"0":"post-107617","1":"post","2":"type-post","3":"status-publish","4":"format-standard","5":"has-post-thumbnail","7":"category-celebridades","8":"tag-bruxas-de-salem","9":"tag-carmo-dalla-vecchia","10":"tag-celebridades","11":"tag-celebrities","12":"tag-critica","13":"tag-entertainment","14":"tag-entretenimento","15":"tag-portugal","16":"tag-pt","17":"tag-sorriso"},"share_on_mastodon":{"url":"","error":""},"_links":{"self":[{"href":"https:\/\/www.europesays.com\/pt\/wp-json\/wp\/v2\/posts\/107617","targetHints":{"allow":["GET"]}}],"collection":[{"href":"https:\/\/www.europesays.com\/pt\/wp-json\/wp\/v2\/posts"}],"about":[{"href":"https:\/\/www.europesays.com\/pt\/wp-json\/wp\/v2\/types\/post"}],"author":[{"embeddable":true,"href":"https:\/\/www.europesays.com\/pt\/wp-json\/wp\/v2\/users\/2"}],"replies":[{"embeddable":true,"href":"https:\/\/www.europesays.com\/pt\/wp-json\/wp\/v2\/comments?post=107617"}],"version-history":[{"count":0,"href":"https:\/\/www.europesays.com\/pt\/wp-json\/wp\/v2\/posts\/107617\/revisions"}],"wp:featuredmedia":[{"embeddable":true,"href":"https:\/\/www.europesays.com\/pt\/wp-json\/wp\/v2\/media\/107618"}],"wp:attachment":[{"href":"https:\/\/www.europesays.com\/pt\/wp-json\/wp\/v2\/media?parent=107617"}],"wp:term":[{"taxonomy":"category","embeddable":true,"href":"https:\/\/www.europesays.com\/pt\/wp-json\/wp\/v2\/categories?post=107617"},{"taxonomy":"post_tag","embeddable":true,"href":"https:\/\/www.europesays.com\/pt\/wp-json\/wp\/v2\/tags?post=107617"}],"curies":[{"name":"wp","href":"https:\/\/api.w.org\/{rel}","templated":true}]}}