{"id":107636,"date":"2025-10-12T12:57:06","date_gmt":"2025-10-12T12:57:06","guid":{"rendered":"https:\/\/www.europesays.com\/pt\/107636\/"},"modified":"2025-10-12T12:57:06","modified_gmt":"2025-10-12T12:57:06","slug":"vacina-contra-hpv-reduz-cancer-do-colo-do-utero","status":"publish","type":"post","link":"https:\/\/www.europesays.com\/pt\/107636\/","title":{"rendered":"Vacina contra HPV reduz c\u00e2ncer do colo do \u00fatero"},"content":{"rendered":"<p data-start=\"601\" data-end=\"906\">A vacina contra o papilomav\u00edrus humano (HPV) reduziu em at\u00e9 58% os casos de c\u00e2ncer do colo do \u00fatero no Brasil e em 67% as les\u00f5es pr\u00e9-cancerosas graves. Os dados s\u00e3o de um estudo conduzido pela Fiocruz, com apoio da Royal Society e do Conselho Nacional de Desenvolvimento Cient\u00edfico e Tecnol\u00f3gico (CNPq).<\/p>\n<p data-start=\"908\" data-end=\"1219\"><strong data-start=\"908\" data-end=\"949\">Efic\u00e1cia comprovada e acesso gratuito<\/strong><br data-start=\"949\" data-end=\"952\"\/>A pesquisa, realizada entre 2019 e 2023 com dados do Sistema \u00danico de Sa\u00fade (SUS), confirmou que o imunizante \u00e9 eficaz mesmo antes da idade indicada para o rastreamento \u2014 25 anos \u2014 e tamb\u00e9m em contextos de baixa renda, refor\u00e7ando seu impacto na preven\u00e7\u00e3o do c\u00e2ncer.<\/p>\n<p data-start=\"1221\" data-end=\"1549\">O c\u00e2ncer do colo do \u00fatero segue como o segundo tipo mais comum entre as mulheres brasileiras. Estima-se que entre 50% e 70% das pessoas sexualmente ativas entrem em contato com o HPV ao longo da vida. A vacina oferecida gratuitamente pelo SUS \u00e9 considerada a forma mais eficaz de evitar a infec\u00e7\u00e3o e reduzir o risco da doen\u00e7a.<\/p>\n<p data-start=\"1221\" data-end=\"1549\">Para aumentar a cobertura, o Minist\u00e9rio da Sa\u00fade prorrogou at\u00e9 dezembro de 2025 a vacina\u00e7\u00e3o gratuita para jovens de 15 a 19 anos que n\u00e3o receberam o imunizante na faixa et\u00e1ria indicada (9 a 14 anos). A meta \u00e9 alcan\u00e7ar cerca de 7 milh\u00f5es de adolescentes ainda n\u00e3o vacinados.<\/p>\n<p data-start=\"1873\" data-end=\"1907\"><strong data-start=\"1873\" data-end=\"1905\">Esquema vacinal contra o HPV<\/strong><\/p>\n<ul data-start=\"1908\" data-end=\"2371\">\n<li data-start=\"1908\" data-end=\"2017\">\n<p data-start=\"1910\" data-end=\"2017\"><strong data-start=\"1910\" data-end=\"1958\">Adolescentes imunocompetentes (9 a 14 anos):<\/strong> dose \u00fanica \u2014 substitui o esquema anterior de duas doses.<\/p>\n<\/li>\n<li data-start=\"2018\" data-end=\"2175\">\n<p data-start=\"2020\" data-end=\"2175\"><strong data-start=\"2020\" data-end=\"2069\">Pessoas com sistema imunol\u00f3gico comprometido:<\/strong> devem receber tr\u00eas doses, incluindo pacientes com HIV\/AIDS, em tratamento oncol\u00f3gico ou transplantados.<\/p>\n<\/li>\n<li data-start=\"2176\" data-end=\"2281\">\n<p data-start=\"2178\" data-end=\"2281\"><strong data-start=\"2178\" data-end=\"2218\">Usu\u00e1rios de PrEP (preven\u00e7\u00e3o ao HIV):<\/strong> recomenda\u00e7\u00e3o de tr\u00eas doses para quem tem entre 15 e 45 anos.<\/p>\n<\/li>\n<li data-start=\"2282\" data-end=\"2371\">\n<p data-start=\"2284\" data-end=\"2371\"><strong data-start=\"2284\" data-end=\"2316\">V\u00edtimas de viol\u00eancia sexual:<\/strong> com 15 anos ou mais tamb\u00e9m devem receber tr\u00eas doses.<\/p>\n<\/li>\n<\/ul>\n<p data-start=\"2373\" data-end=\"2442\">A vacina\u00e7\u00e3o \u00e9 gratuita em unidades b\u00e1sicas de sa\u00fade de todo o pa\u00eds.<\/p>\n","protected":false},"excerpt":{"rendered":"A vacina contra o papilomav\u00edrus humano (HPV) reduziu em at\u00e9 58% os casos de c\u00e2ncer do colo do&hellip;\n","protected":false},"author":2,"featured_media":107637,"comment_status":"","ping_status":"","sticky":false,"template":"","format":"standard","meta":{"footnotes":""},"categories":[86],"tags":[3273,13943,25764,4774,2807,116,12231,3130,1703,32,1461,33,117,896,4483,2820],"class_list":{"0":"post-107636","1":"post","2":"type-post","3":"status-publish","4":"format-standard","5":"has-post-thumbnail","7":"category-saude","8":"tag-adolescentes","9":"tag-cancer-do-colo-do-utero","10":"tag-cnpq","11":"tag-doencas-infecciosas","12":"tag-fiocruz","13":"tag-health","14":"tag-hpv","15":"tag-imunizacao","16":"tag-ministerio-da-saude","17":"tag-portugal","18":"tag-prevencao","19":"tag-pt","20":"tag-saude","21":"tag-saude-publica","22":"tag-sus","23":"tag-vacinacao"},"share_on_mastodon":{"url":"","error":""},"_links":{"self":[{"href":"https:\/\/www.europesays.com\/pt\/wp-json\/wp\/v2\/posts\/107636","targetHints":{"allow":["GET"]}}],"collection":[{"href":"https:\/\/www.europesays.com\/pt\/wp-json\/wp\/v2\/posts"}],"about":[{"href":"https:\/\/www.europesays.com\/pt\/wp-json\/wp\/v2\/types\/post"}],"author":[{"embeddable":true,"href":"https:\/\/www.europesays.com\/pt\/wp-json\/wp\/v2\/users\/2"}],"replies":[{"embeddable":true,"href":"https:\/\/www.europesays.com\/pt\/wp-json\/wp\/v2\/comments?post=107636"}],"version-history":[{"count":0,"href":"https:\/\/www.europesays.com\/pt\/wp-json\/wp\/v2\/posts\/107636\/revisions"}],"wp:featuredmedia":[{"embeddable":true,"href":"https:\/\/www.europesays.com\/pt\/wp-json\/wp\/v2\/media\/107637"}],"wp:attachment":[{"href":"https:\/\/www.europesays.com\/pt\/wp-json\/wp\/v2\/media?parent=107636"}],"wp:term":[{"taxonomy":"category","embeddable":true,"href":"https:\/\/www.europesays.com\/pt\/wp-json\/wp\/v2\/categories?post=107636"},{"taxonomy":"post_tag","embeddable":true,"href":"https:\/\/www.europesays.com\/pt\/wp-json\/wp\/v2\/tags?post=107636"}],"curies":[{"name":"wp","href":"https:\/\/api.w.org\/{rel}","templated":true}]}}