{"id":107640,"date":"2025-10-12T13:05:12","date_gmt":"2025-10-12T13:05:12","guid":{"rendered":"https:\/\/www.europesays.com\/pt\/107640\/"},"modified":"2025-10-12T13:05:12","modified_gmt":"2025-10-12T13:05:12","slug":"bruna-griphao-admite-que-seu-vestido-de-madrinha-estava-horrivel","status":"publish","type":"post","link":"https:\/\/www.europesays.com\/pt\/107640\/","title":{"rendered":"Bruna Griphao admite que seu vestido de madrinha estava &#8216;horr\u00edvel&#8217;"},"content":{"rendered":"<p>\n                        Bruna Griphao admite que vestido de madrinha estava horr\u00edvel e revela perrengue: o look chegou descosturado 10 minutos antes\n                    <\/p>\n<ul class=\"article__header__author\">\n<li class=\"article__header__author__item\">\n                                                Por:<br \/>\n                                                                                    Marillia Gomes \/ Contigo\n                                                                        <\/li>\n<\/ul>\n<p class=\"text\">A atriz <b>Bruna Griphao<\/b> (26) causou alvoro\u00e7o nas redes sociais n\u00e3o por brilhar, mas por concordar de forma bem-humorada com as cr\u00edticas ao look que escolheu para o casamento de <b>Lexa<\/b> e <b>Ricardo Vianna<\/b>, na \u00faltima sexta-feira (10). A artista foi alvo de coment\u00e1rios negativos sobre o vestido de madrinha, que tinha um design ousado, no estilo &#8220;meio a meio&#8221;.<\/p>\n<p><img loading=\"lazy\" decoding=\"async\" alt=\"Bruna Griphao admite que seu vestido de madrinha estava 'horr\u00edvel'\" class=\"img-ff2bac0ee0437244783f293a225b58a93gt49ypz\" height=\"435\" src=\"https:\/\/www.europesays.com\/pt\/wp-content\/uploads\/2025\/10\/1497952813-bruna-griphao-admite-que-seu-vestido-de-madrinha-estava-horrivel.png\"  title=\"Bruna Griphao admite que seu vestido de madrinha estava 'horr\u00edvel'\" width=\"774\"\/><\/p>\n<p>Bruna Griphao admite que seu vestido de madrinha estava &#8216;horr\u00edvel&#8217;<\/p>\n<p>Foto: Contigo<\/p>\n<p class=\"text\">Na manh\u00e3 de s\u00e1bado (11), a pr\u00f3pria <b>Bruna Griphao<\/b> recorreu \u00e0s redes sociais para esclarecer a pol\u00eamica, admitindo: &#8220;Gente, eu sei que o vestido estava horr\u00edvel, t\u00e1&#8221;.<\/p>\n<p class=\"text\">A atriz explicou que o visual desastroso foi resultado de uma s\u00e9rie de imprevistos e da falta de tempo. Segundo ela, a proposta original do vestido era diferente, e ela s\u00f3 conseguiu pegar o modelito dez minutos antes de a cerim\u00f4nia come\u00e7ar, sem tempo sequer para provar.<\/p>\n<p class=\"text\">&#8220;Eu n\u00e3o sei o que aconteceu que atrasou tudo e a gente s\u00f3 pegou o vestido 10 minutos antes do casamento. Eu n\u00e3o tinha provado ainda&#8221;, desabafou.<\/p>\n<p class=\"text\">Ao perceber o resultado ruim do look, Bruna se viu em um dilema:<\/p>\n<p class=\"text\">&#8220;Ou eu passava em casa e n\u00e3o passava vergonha, mas cagava com a cerim\u00f4nia da minha amiga. Ou eu ia daquele jeito e cagava comigo mesma e salvava a cerim\u00f4nia&#8221;, contou.<\/p>\n<p class=\"text\">A atriz decidiu pela segunda op\u00e7\u00e3o, priorizando a pontualidade no casamento. Ela revelou que o vestido estava t\u00e3o improvisado que precisou de ajustes de \u00faltima hora. &#8220;Para voc\u00eas terem uma no\u00e7\u00e3o, o meu vestido estava descosturado ainda. Estava todo descosturado atr\u00e1s. Algu\u00e9m teve que dar um ponto na festa&#8221;, detalhou.<\/p>\n<p class=\"text\">Apesar da frustra\u00e7\u00e3o com o look, Bruna disse que n\u00e3o deixou que a situa\u00e7\u00e3o a abalasse, focando em celebrar a uni\u00e3o dos amigos, conforme aconselhada por uma amiga: &#8220;N\u00e3o \u00e9 para voc\u00ea ficar triste com isso porque hoje n\u00e3o \u00e9 sobre voc\u00ea&#8221;.<\/p>\n<p class=\"text\">&#8220;Passei vergonha, mas antes passar vergonha usando o vestido do que fazendo uma cagada, n\u00e9. Ent\u00e3o est\u00e1 tudo bem&#8221;, concluiu a atriz, prometendo um visual impec\u00e1vel para o pr\u00f3ximo evento.<\/p>\n<blockquote class=\"instagram-media\" data-instgrm-captioned=\"\" data-instgrm-permalink=\"https:\/\/www.instagram.com\/p\/DPpLVgZEjAw\/?utm_source=ig_embed&amp;utm_campaign=loading\" data-instgrm-version=\"14\" style=\"background: #FFF; border: 0; border-radius: 3px; box-shadow: 0 0 1px 0 rgba(0,0,0,0.5),0 1px 10px 0 rgba(0,0,0,0.15); margin: 1px; max-width: 540px; min-width: 326px; padding: 0; width: calc(100% - 2px);\">\n<p>     Ver essa foto no Instagram <\/p>\n<p class=\"text\" style=\"color: #c9c8cd; font-family: Arial,sans-serif; font-size: 14px; line-height: 17px; margin-bottom: 0; margin-top: 8px; overflow: hidden; padding: 8px 0 7px; text-align: center; text-overflow: ellipsis; white-space: nowrap;\"><a href=\"https:\/\/www.instagram.com\/p\/DPpLVgZEjAw\/?utm_source=ig_embed&amp;utm_campaign=loading\" rel=\"noopener nofollow\" style=\"color: #c9c8cd; font-family: Arial,sans-serif; font-size: 14px; font-style: normal; font-weight: normal; line-height: 17px; text-decoration: none;\" target=\"_blank\">Uma publica\u00e7\u00e3o compartilhada por Bruna Griphao (@brunagriphao)<\/a><\/p>\n<\/blockquote>\n<p>                            <script async src=\"\/\/www.instagram.com\/embed.js\"><\/script><\/p>\n","protected":false},"excerpt":{"rendered":"Bruna Griphao admite que vestido de madrinha estava horr\u00edvel e revela perrengue: o look chegou descosturado 10 minutos&hellip;\n","protected":false},"author":2,"featured_media":107641,"comment_status":"","ping_status":"","sticky":false,"template":"","format":"standard","meta":{"footnotes":""},"categories":[145],"tags":[211,210,114,115,32,33],"class_list":{"0":"post-107640","1":"post","2":"type-post","3":"status-publish","4":"format-standard","5":"has-post-thumbnail","7":"category-celebridades","8":"tag-celebridades","9":"tag-celebrities","10":"tag-entertainment","11":"tag-entretenimento","12":"tag-portugal","13":"tag-pt"},"share_on_mastodon":{"url":"","error":""},"_links":{"self":[{"href":"https:\/\/www.europesays.com\/pt\/wp-json\/wp\/v2\/posts\/107640","targetHints":{"allow":["GET"]}}],"collection":[{"href":"https:\/\/www.europesays.com\/pt\/wp-json\/wp\/v2\/posts"}],"about":[{"href":"https:\/\/www.europesays.com\/pt\/wp-json\/wp\/v2\/types\/post"}],"author":[{"embeddable":true,"href":"https:\/\/www.europesays.com\/pt\/wp-json\/wp\/v2\/users\/2"}],"replies":[{"embeddable":true,"href":"https:\/\/www.europesays.com\/pt\/wp-json\/wp\/v2\/comments?post=107640"}],"version-history":[{"count":0,"href":"https:\/\/www.europesays.com\/pt\/wp-json\/wp\/v2\/posts\/107640\/revisions"}],"wp:featuredmedia":[{"embeddable":true,"href":"https:\/\/www.europesays.com\/pt\/wp-json\/wp\/v2\/media\/107641"}],"wp:attachment":[{"href":"https:\/\/www.europesays.com\/pt\/wp-json\/wp\/v2\/media?parent=107640"}],"wp:term":[{"taxonomy":"category","embeddable":true,"href":"https:\/\/www.europesays.com\/pt\/wp-json\/wp\/v2\/categories?post=107640"},{"taxonomy":"post_tag","embeddable":true,"href":"https:\/\/www.europesays.com\/pt\/wp-json\/wp\/v2\/tags?post=107640"}],"curies":[{"name":"wp","href":"https:\/\/api.w.org\/{rel}","templated":true}]}}