{"id":107654,"date":"2025-10-12T13:29:23","date_gmt":"2025-10-12T13:29:23","guid":{"rendered":"https:\/\/www.europesays.com\/pt\/107654\/"},"modified":"2025-10-12T13:29:23","modified_gmt":"2025-10-12T13:29:23","slug":"adrien-silva-campeao-europeu-por-portugal-em-2016-termina-carreira-aos-36-anos","status":"publish","type":"post","link":"https:\/\/www.europesays.com\/pt\/107654\/","title":{"rendered":"Adrien Silva, campe\u00e3o europeu por Portugal em 2016, termina carreira aos 36 anos"},"content":{"rendered":"<p>&#13;<br \/>\n&#8220;Chega o momento em que sentimos que \u00e9 tempo de seguir em frente, com o cora\u00e7\u00e3o tranquilo e o orgulho de quem deu tudo ao jogo que ama. Hoje, olho para o caminho percorrido e percebo que \u00e9 tempo de fechar um ciclo que me deu tudo&#8221;, revelou o antigo internacional portugu\u00eas, nas redes sociais.&#13;\n<\/p>\n<p>&#13;<br \/>\nNascido em Fran\u00e7a, mas com dupla nacionalidade, Adrien Silva iniciou a sua forma\u00e7\u00e3o no Bord\u00e9us, mas mudou-se para Portugal e chegou ao Sporting em 2002, estreando-se pela equipa principal `verde e branca` cinco anos depois, com a qual venceu duas Ta\u00e7as de Portugal e tr\u00eas Superta\u00e7as C\u00e2ndido de Oliveira, num total de 241 jogos e 39 golos, at\u00e9 2017.&#13;\n<\/p>\n<p>&#13;<br \/>\nDurante o trajeto em Alvalade, o ex-m\u00e9dio esteve cedido ao Maccabi Haifa, sagrando-se campe\u00e3o israelita, em 2010\/11, e \u00e0 Acad\u00e9mica, pela qual ganhou uma Ta\u00e7a frente aos `le\u00f5es`, em 2011\/12, antes de se impor em definitivo como titular pelo conjunto lisboeta.&#13;\n<\/p>\n<p>&#13;<br \/>\n&#8220;O Sporting foi a minha casa, o lugar onde me formei como jogador e como homem. Foi ali que aprendi o que significam o trabalho, a exig\u00eancia e a honra de representar um s\u00edmbolo maior do que n\u00f3s. Tive o privil\u00e9gio de ser capit\u00e3o do clube da minha forma\u00e7\u00e3o, algo imposs\u00edvel de descrever. Muitos momentos ficar\u00e3o gravados na minha mem\u00f3ria&#8221;, notou.&#13;\n<\/p>\n<p>&#13;<br \/>\nJ\u00e1 depois da conquista do Euro2016 pela sele\u00e7\u00e3o principal de Portugal, que representou em 26 jogos, com um golo marcado, Adrien Silva rumou ao ent\u00e3o campe\u00e3o ingl\u00eas Leicester em 2017\/18, mas esteve quase meia \u00e9poca sem jogar por imposi\u00e7\u00e3o da FIFA, face ao atraso no envio da documenta\u00e7\u00e3o no fecho da janela de transfer\u00eancias de ver\u00e3o.&#13;\n<\/p>\n<p>&#13;<br \/>\nO ex-m\u00e9dio jogou ainda pela sele\u00e7\u00e3o das `quinas` na Ta\u00e7a da Confedera\u00e7\u00f5es de 2017 e no Mundial2018, sentindo que carregava &#8220;o orgulho e a esperan\u00e7a de um pa\u00eds inteiro&#8221;.&#13;\n<\/p>\n<p>&#13;<br \/>\n&#8220;Ser campe\u00e3o da Europa em 2016, com a camisola `23`, foi o ponto mais alto da minha carreira, um momento que me faz sorrir sempre que o recordo. Representar o pa\u00eds num Mundial, ouvir o hino antes de cada jogo e sentir a for\u00e7a de uma na\u00e7\u00e3o unida foram experi\u00eancias que me ensinaram o valor do sacrif\u00edcio, da uni\u00e3o e do que o futebol pode significar para um povo inteiro&#8221;, avaliou.&#13;\n<\/p>\n<p>&#13;<br \/>\nOs franceses do M\u00f3naco (2019-2020), por empr\u00e9stimo do Leicester, os italianos da Sampdoria (2020-2021) e os emiradenses do Al Wahda (2022-2023) e do Dubai United (2024\/25) surgiram numa fase avan\u00e7ada da carreira de Adrien Silva, que ainda voltou a Portugal para jogar no Rio Ave (2023\/24) e despediu-se com 475 encontros e 60 golos, reconhecendo ter vivido &#8220;anos de paix\u00e3o e entrega total a um sonho de menino&#8221;.&#13;\n<\/p>\n<p>&#13;<br \/>\nO ex-m\u00e9dio \u00e9 o 10.\u00ba de 23 campe\u00f5es europeus por Portugal a despedir-se dos relvados, ap\u00f3s o guarda-redes Eduardo, o defesa direito Vieirinha, os centrais Ricardo Carvalho, Pepe e Bruno Alves, o lateral esquerdo Eliseu, os extremos Nani e Ricardo Quaresma e o ponta de lan\u00e7a Eder, autor do \u00fanico golo na final diante da anfitri\u00e3 Fran\u00e7a, em Saint-Denis.&#13;\n<\/p>\n<p>&#13;<br \/>\n\u00a0&#13;<\/p>\n","protected":false},"excerpt":{"rendered":"&#13; &#8220;Chega o momento em que sentimos que \u00e9 tempo de seguir em frente, com o cora\u00e7\u00e3o tranquilo&hellip;\n","protected":false},"author":2,"featured_media":107655,"comment_status":"","ping_status":"","sticky":false,"template":"","format":"standard","meta":{"footnotes":""},"categories":[87],"tags":[25768,25766,135,3017,32,33,34,134,25767],"class_list":{"0":"post-107654","1":"post","2":"type-post","3":"status-publish","4":"format-standard","5":"has-post-thumbnail","7":"category-desporto","8":"tag-adrien","9":"tag-carvalho-pepe","10":"tag-desporto","11":"tag-leicester","12":"tag-portugal","13":"tag-pt","14":"tag-sporting","15":"tag-sports","16":"tag-taca-confederacoes"},"share_on_mastodon":{"url":"","error":""},"_links":{"self":[{"href":"https:\/\/www.europesays.com\/pt\/wp-json\/wp\/v2\/posts\/107654","targetHints":{"allow":["GET"]}}],"collection":[{"href":"https:\/\/www.europesays.com\/pt\/wp-json\/wp\/v2\/posts"}],"about":[{"href":"https:\/\/www.europesays.com\/pt\/wp-json\/wp\/v2\/types\/post"}],"author":[{"embeddable":true,"href":"https:\/\/www.europesays.com\/pt\/wp-json\/wp\/v2\/users\/2"}],"replies":[{"embeddable":true,"href":"https:\/\/www.europesays.com\/pt\/wp-json\/wp\/v2\/comments?post=107654"}],"version-history":[{"count":0,"href":"https:\/\/www.europesays.com\/pt\/wp-json\/wp\/v2\/posts\/107654\/revisions"}],"wp:featuredmedia":[{"embeddable":true,"href":"https:\/\/www.europesays.com\/pt\/wp-json\/wp\/v2\/media\/107655"}],"wp:attachment":[{"href":"https:\/\/www.europesays.com\/pt\/wp-json\/wp\/v2\/media?parent=107654"}],"wp:term":[{"taxonomy":"category","embeddable":true,"href":"https:\/\/www.europesays.com\/pt\/wp-json\/wp\/v2\/categories?post=107654"},{"taxonomy":"post_tag","embeddable":true,"href":"https:\/\/www.europesays.com\/pt\/wp-json\/wp\/v2\/tags?post=107654"}],"curies":[{"name":"wp","href":"https:\/\/api.w.org\/{rel}","templated":true}]}}